{"id":2999,"date":"2025-03-01T00:19:14","date_gmt":"2025-03-01T01:19:14","guid":{"rendered":"https:\/\/consultoria.cv\/governo-entrega-complexo-educativo-construido-de-raiz-a-populacao-de-cha-de-matias-ilha-do-sal\/"},"modified":"2025-03-01T00:19:14","modified_gmt":"2025-03-01T01:19:14","slug":"governo-entrega-complexo-educativo-construido-de-raiz-a-populacao-de-cha-de-matias-ilha-do-sal","status":"publish","type":"post","link":"https:\/\/consultoria.cv\/fr\/governo-entrega-complexo-educativo-construido-de-raiz-a-populacao-de-cha-de-matias-ilha-do-sal\/","title":{"rendered":"Governo entrega Complexo Educativo constru\u00eddo de raiz \u00e0 popula\u00e7\u00e3o de Ch\u00e3 de Matias (ilha do Sal)"},"content":{"rendered":"<div>\n<p>O Primeiro-Ministro e Chefe do Governo, <strong>Ulisses Correia e Silva<\/strong>, inaugurou na manh\u00e3 de hoje, 27, o <strong>Complexo Educativo de Ch\u00e3 de Matias<\/strong>, respondendo assim ao <strong>crescimento populacional<\/strong> da ilha do Sal e \u00e0 necessidade de expans\u00e3o da rede escolar. O investimento, no valor de <strong>150 mil contos<\/strong>, foi financiado pelo <strong>Gouvernement du Cap-Vert<\/strong> atrav\u00e9s do <strong>Or\u00e7amento do Estado<\/strong><strong>.<\/strong><\/p>\n<p>Trata-se de uma escola <strong>moderna e multifuncional<\/strong>, que valoriza <strong>alunos e professores<\/strong>, e que ir\u00e1 promover um ambiente de ensino-aprendizagem de qualidade e contribuir para o desenvolvimento do <strong>capital humano<\/strong>. A infraestrutura foi projetada para oferecer <strong>condi\u00e7\u00f5es adequadas e inovadoras<\/strong>, com <strong>salas amplas, espa\u00e7os arejados e \u00e1reas para atividades extracurriculares<\/strong>, tornando o ambiente <strong>mais acolhedor e produtivo para os alunos<\/strong><strong>.<\/strong><\/p>\n<p>\u201cEstamos a cumprir com a ilha do Sal e o Programa do Governo com a reforma curricular do 1\u00b0 ao 12\u00b0 ano, assegurando uma taxa de escolariza\u00e7\u00e3o superior a 99% no ensino b\u00e1sico e pr\u00f3xima dos 70% no secund\u00e1rio\u201d, come\u00e7ou por dizer o Priemiro MInstro no acto de inaugura\u00e7\u00e3o que contou com as presen\u00e7as dos Ministros da Educa\u00e7\u00e3o, Amadeu Cruz, e da Sa\u00fade, Jorge Figueiredo, que no passado foi o autarca da ilha e respons\u00e1vel pelos arruamentos de Ch\u00e3 de Matias e pelo actual edil salense, J\u00falio Lopes.<\/p>\n<p>De acordo com Ulisses Correia e Silva, o presente Executivo por ele liderado, implementou a gratuitidade no ensino b\u00e1sico e secund\u00e1rio, \u201creduzindo encargos das fam\u00edlias e garantindo que nenhuma crian\u00e7a ou jovem fique fora do sistema educativo por raz\u00f5es financeiras\u201d.<\/p>\n<p>\u201cRefor\u00e7\u00e1mos tamb\u00e9m a a\u00e7\u00e3o social escolar com subs\u00eddios para aquisi\u00e7\u00e3o de materiais e alimenta\u00e7\u00e3o, medidas que t\u00eam contribu\u00eddo para a redu\u00e7\u00e3o do abandono escolar\u201d, sublinhou, acrescentando que \u201cno ensino pr\u00e9-escolar, aument\u00e1mos a taxa de cobertura para 86,4%, mas queremos atingir os 100%\u201d.<\/p>\n<p>Ulisses Correia e Silva aproveitou a oportunidade para dirigir uma palavra aos professores, reafirma o nosso compromisso do Governo com a valoriza\u00e7\u00e3o da carreira docente. \u201cO Plano de Carreiras, Fun\u00e7\u00f5es e Remunera\u00e7\u00f5es (PCFR) representa um aumento significativo dos sal\u00e1rios dos professores com licenciatura e sem licenciatura e dos monitores do ensino pr\u00e9-escolar, e custa ao Estado 1,2 milh\u00f5es de contos por ano. Estamos a concluir o processo de regulariza\u00e7\u00e3o dos pagamentos de professores e de outros trabalhadores do Minist\u00e9rio da Educa\u00e7\u00e3o contratados em regime de precariedade\u201d, adiantou, informando que j\u00e1 foi aprovado em Conselho de Ministros uma iniciativa legislativa, que ser\u00e1 submetida ao Parlamento, para evitar atrasos nos pagamentos de professores e outros trabalhadores da educa\u00e7\u00e3o contratados para suprir necessidades tempor\u00e1rias das escolas.<\/p>\n<p>\u201cCriamos tamb\u00e9m condi\u00e7\u00f5es para evitar situa\u00e7\u00f5es de precariedade laboral que transitam de ano em ano, colocando o trabalhador em posi\u00e7\u00e3o de imprevisibilidade, sem v\u00ednculo e sem possibilidade de integrar uma carreira e desenvolver na carreira\u201d, frisou.<\/p>\n<p>Com capacidade para <strong>cerca de mil alunos<\/strong><strong>, <\/strong>a escola possui <strong>tr\u00eas pisos<\/strong><strong>, <\/strong>incluindo <strong>14 salas de aula<\/strong> com capacidade para <strong>36 alunos\/turma<\/strong><strong>, <\/strong>al\u00e9m de uma <strong>secretaria, sala de dire\u00e7\u00e3o, biblioteca, sala de professores, laborat\u00f3rios de ci\u00eancias e tecnologia, cozinha e refeit\u00f3rio, instala\u00e7\u00f5es sanit\u00e1rias, p\u00e1tio e placa desportiva<\/strong><strong>. <\/strong>Esta infraestrutura representa um <strong>importante avan\u00e7o para a educa\u00e7\u00e3o na ilha do Sal<\/strong><strong>, <\/strong>integrando-se no <strong>Plano Nacional de Constru\u00e7\u00e3o, Moderniza\u00e7\u00e3o e Reabilita\u00e7\u00e3o das Infraestruturas Educativas<\/strong> do Governo.<\/p>\n<p><strong>\u00a0<\/strong><\/p>\n<p>\u00a0<\/p>\n<p>\u00a0<\/p>\n<p>O post <a rel=\"nofollow\" href=\"https:\/\/www.governo.cv\/governo-entrega-complexo-educativo-construido-de-raiz-a-populacao-de-cha-de-matias-ilha-do-sal\/\" target=\"_blank\">Governo entrega Complexo Educativo constru\u00eddo de raiz \u00e0 popula\u00e7\u00e3o de Ch\u00e3 de Matias (ilha do Sal)<\/a> apareceu primeiro em <a rel=\"nofollow\" href=\"https:\/\/www.governo.cv\/\" target=\"_blank\">Gouvernement du Cap-Vert<\/a>.<\/p>\n<\/div>","protected":false},"excerpt":{"rendered":"<p>O Primeiro-Ministro e Chefe do Governo, Ulisses Correia e Silva, inaugurou na manh\u00e3 de hoje, 27, o Complexo Educativo de Ch\u00e3 de Matias, respondendo assim ao crescimento populacional da ilha do Sal e \u00e0 necessidade de expans\u00e3o da rede escolar. O investimento, no valor de 150 mil contos, foi financiado pelo Governo de Cabo Verde [&hellip;]<\/p>\n","protected":false},"author":2,"featured_media":0,"comment_status":"closed","ping_status":"closed","sticky":false,"template":"","format":"standard","meta":{"_breakdance_hide_in_design_set":false,"_breakdance_tags":"","footnotes":""},"categories":[263],"tags":[264],"class_list":["post-2999","post","type-post","status-publish","format-standard","hentry","category-noticias","tag-noticias"],"_links":{"self":[{"href":"https:\/\/consultoria.cv\/fr\/wp-json\/wp\/v2\/posts\/2999","targetHints":{"allow":["GET"]}}],"collection":[{"href":"https:\/\/consultoria.cv\/fr\/wp-json\/wp\/v2\/posts"}],"about":[{"href":"https:\/\/consultoria.cv\/fr\/wp-json\/wp\/v2\/types\/post"}],"author":[{"embeddable":true,"href":"https:\/\/consultoria.cv\/fr\/wp-json\/wp\/v2\/users\/2"}],"replies":[{"embeddable":true,"href":"https:\/\/consultoria.cv\/fr\/wp-json\/wp\/v2\/comments?post=2999"}],"version-history":[{"count":0,"href":"https:\/\/consultoria.cv\/fr\/wp-json\/wp\/v2\/posts\/2999\/revisions"}],"wp:attachment":[{"href":"https:\/\/consultoria.cv\/fr\/wp-json\/wp\/v2\/media?parent=2999"}],"wp:term":[{"taxonomy":"category","embeddable":true,"href":"https:\/\/consultoria.cv\/fr\/wp-json\/wp\/v2\/categories?post=2999"},{"taxonomy":"post_tag","embeddable":true,"href":"https:\/\/consultoria.cv\/fr\/wp-json\/wp\/v2\/tags?post=2999"}],"curies":[{"name":"wp","href":"https:\/\/api.w.org\/{rel}","templated":true}]}}