{"id":2997,"date":"2025-03-01T00:05:36","date_gmt":"2025-03-01T01:05:36","guid":{"rendered":"https:\/\/consultoria.cv\/obras-do-centro-de-saude-de-palmeira-concluidas\/"},"modified":"2025-03-01T00:05:36","modified_gmt":"2025-03-01T01:05:36","slug":"obras-do-centro-de-saude-de-palmeira-concluidas","status":"publish","type":"post","link":"https:\/\/consultoria.cv\/fr\/obras-do-centro-de-saude-de-palmeira-concluidas\/","title":{"rendered":"Obras do Centro de Sa\u00fade de Palmeira Conclu\u00eddas"},"content":{"rendered":"<div>\n<div class=\"xdj266r x11i5rnm xat24cr x1mh8g0r x1vvkbs x126k92a\">\n<div dir=\"auto\">\n<p data-start=\"53\" data-end=\"385\">O Ministro da Sa\u00fade, Jorge Figueiredo, que se encontra em visita \u00e0 Ilha do Sal, anunciou hoje, 26 de fevereiro, que as obras do Centro de Sa\u00fade de Palmeira est\u00e3o conclu\u00eddas. Neste momento, est\u00e1 em andamento um processo de aquisi\u00e7\u00e3o de equipamentos necess\u00e1rios para equipar a infraestrutura, com financiamento proveniente da B\u00e9lgica.<\/p>\n<p data-start=\"387\" data-end=\"773\">Durante a sua visita ao centro de sa\u00fade, o Ministro avan\u00e7ou que haver\u00e1 uma discuss\u00e3o com o delegado de sa\u00fade para garantir, na medida do poss\u00edvel, a dota\u00e7\u00e3o da estrutura com recursos humanos adequados para o seu pleno funcionamento. \u201cA Palmeira est\u00e1 a crescer, agora \u00e9 uma pequena cidade e merece efetivamente estas mudan\u00e7as em prol do benef\u00edcio da popula\u00e7\u00e3o\u201d, afirmou.<\/p>\n<p data-start=\"775\" data-end=\"942\">Em termos or\u00e7amentais, a obra do centro de sa\u00fade de Palmeira est\u00e1 or\u00e7ada em cerca de 1 milh\u00e3o de euros, abrangendo tanto as obras de constru\u00e7\u00e3o quanto os equipamentos.<\/p>\n<p data-start=\"944\" data-end=\"1209\" data-is-last-node=\"\" data-is-only-node=\"\">De recordar que as obras de constru\u00e7\u00e3o do centro de sa\u00fade come\u00e7aram em 2022 e t\u00eam como objetivo refor\u00e7ar a rede de cuidados prim\u00e1rios de sa\u00fade na ilha, a mais tur\u00edstica do pa\u00eds, que enfrenta uma crescente demanda da popula\u00e7\u00e3o local, dos emigrantes e dos turistas.<\/p>\n<\/div>\n<\/div>\n<p>O post <a rel=\"nofollow\" href=\"https:\/\/www.governo.cv\/obras-do-centro-de-saude-de-palmeira-concluidas\/\" target=\"_blank\">Obras do Centro de Sa\u00fade de Palmeira Conclu\u00eddas<\/a> apareceu primeiro em <a rel=\"nofollow\" href=\"https:\/\/www.governo.cv\/\" target=\"_blank\">Gouvernement du Cap-Vert<\/a>.<\/p>\n<\/div>","protected":false},"excerpt":{"rendered":"<p>O Ministro da Sa\u00fade, Jorge Figueiredo, que se encontra em visita \u00e0 Ilha do Sal, anunciou hoje, 26 de fevereiro, que as obras do Centro de Sa\u00fade de Palmeira est\u00e3o conclu\u00eddas. Neste momento, est\u00e1 em andamento um processo de aquisi\u00e7\u00e3o de equipamentos necess\u00e1rios para equipar a infraestrutura, com financiamento proveniente da B\u00e9lgica. Durante a sua [&hellip;]<\/p>\n","protected":false},"author":2,"featured_media":0,"comment_status":"closed","ping_status":"closed","sticky":false,"template":"","format":"standard","meta":{"_breakdance_hide_in_design_set":false,"_breakdance_tags":"","footnotes":""},"categories":[263],"tags":[264],"class_list":["post-2997","post","type-post","status-publish","format-standard","hentry","category-noticias","tag-noticias"],"_links":{"self":[{"href":"https:\/\/consultoria.cv\/fr\/wp-json\/wp\/v2\/posts\/2997","targetHints":{"allow":["GET"]}}],"collection":[{"href":"https:\/\/consultoria.cv\/fr\/wp-json\/wp\/v2\/posts"}],"about":[{"href":"https:\/\/consultoria.cv\/fr\/wp-json\/wp\/v2\/types\/post"}],"author":[{"embeddable":true,"href":"https:\/\/consultoria.cv\/fr\/wp-json\/wp\/v2\/users\/2"}],"replies":[{"embeddable":true,"href":"https:\/\/consultoria.cv\/fr\/wp-json\/wp\/v2\/comments?post=2997"}],"version-history":[{"count":0,"href":"https:\/\/consultoria.cv\/fr\/wp-json\/wp\/v2\/posts\/2997\/revisions"}],"wp:attachment":[{"href":"https:\/\/consultoria.cv\/fr\/wp-json\/wp\/v2\/media?parent=2997"}],"wp:term":[{"taxonomy":"category","embeddable":true,"href":"https:\/\/consultoria.cv\/fr\/wp-json\/wp\/v2\/categories?post=2997"},{"taxonomy":"post_tag","embeddable":true,"href":"https:\/\/consultoria.cv\/fr\/wp-json\/wp\/v2\/tags?post=2997"}],"curies":[{"name":"wp","href":"https:\/\/api.w.org\/{rel}","templated":true}]}}