{"id":2930,"date":"2025-02-01T00:23:42","date_gmt":"2025-02-01T01:23:42","guid":{"rendered":"https:\/\/consultoria.cv\/governo-esclarece-posicao-sobre-parceria-com-a-nato\/"},"modified":"2025-02-01T00:23:42","modified_gmt":"2025-02-01T01:23:42","slug":"governo-esclarece-posicao-sobre-parceria-com-a-nato","status":"publish","type":"post","link":"https:\/\/consultoria.cv\/fr\/governo-esclarece-posicao-sobre-parceria-com-a-nato\/","title":{"rendered":"Governo esclarece posi\u00e7\u00e3o sobre parceria com a NATO"},"content":{"rendered":"<div>\n<p>O Governo de Cabo Verde, atrav\u00e9s da Secret\u00e1ria de Estado dos Neg\u00f3cios Estrangeiros e Coopera\u00e7\u00e3o, Dra. Miryan Vieira, esclareceu, hoje, numa confer\u00eancia de imprensa<strong>, que n\u00e3o existe qualquer inten\u00e7\u00e3o de ades\u00e3o \u00e0 NATO<\/strong>, ao contr\u00e1rio do que foi alegado pelo presidente do PAICV, sublinhando que \u201ctais considera\u00e7\u00f5es n\u00e3o correspondem \u00e0 verdade\u201d.<\/p>\n<p>A <strong><u>possibilidade de cria\u00e7\u00e3o de bases militares estrangeiras em Cabo Verde nunca foi discutida com parceiros ou entidades externas, nem faz parte da pol\u00edtica externa e de defesa nacional do pa\u00eds.<\/u><\/strong><\/p>\n<p>O Conceito Estrat\u00e9gico de Defesa e Seguran\u00e7a, aprovado em novembro de 2024, tem como foco a seguran\u00e7a mar\u00edtima e a prote\u00e7\u00e3o da soberania nacional. No debate parlamentar de junho de 2024, o Governo apresentou a possibilidade de uma parceria com a NATO no \u00e2mbito do Programa de Parceria Personalizada (Individually Tailored Partnership Programme), <strong>centrada na seguran\u00e7a mar\u00edtima cooperativa<\/strong>.<\/p>\n<p>Durante a recente Cimeira Portugal-Cabo Verde, o Primeiro Ministro Ulisses Correia e Silva <strong><u>reafirmou essa inten\u00e7\u00e3o de coopera\u00e7\u00e3o com a NATO, sem nunca mencionar ades\u00e3o \u00e0 organiza\u00e7\u00e3o.<\/u><\/strong><\/p>\n<p>\u00c9 importante lembrar que, em 2006, Cabo Verde acolheu a opera\u00e7\u00e3o Steadfast Jaguar da NATO, sem que houvesse qualquer especula\u00e7\u00e3o sobre ades\u00e3o.<\/p>\n<p>O Governo reafirma o compromisso com uma pol\u00edtica externa coerente, baseada nos interesses estrat\u00e9gicos nacionais e na coopera\u00e7\u00e3o internacional para o desenvolvimento e seguran\u00e7a do pa\u00eds.<\/p>\n<p>O post <a rel=\"nofollow\" href=\"https:\/\/www.governo.cv\/governo-esclarece-posicao-sobre-parceria-com-a-nato\/\" target=\"_blank\">Governo esclarece posi\u00e7\u00e3o sobre parceria com a NATO<\/a> apareceu primeiro em <a rel=\"nofollow\" href=\"https:\/\/www.governo.cv\/\" target=\"_blank\">Gouvernement du Cap-Vert<\/a>.<\/p>\n<\/div>","protected":false},"excerpt":{"rendered":"<p>O Governo de Cabo Verde, atrav\u00e9s da Secret\u00e1ria de Estado dos Neg\u00f3cios Estrangeiros e Coopera\u00e7\u00e3o, Dra. Miryan Vieira, esclareceu, hoje, numa confer\u00eancia de imprensa, que n\u00e3o existe qualquer inten\u00e7\u00e3o de ades\u00e3o \u00e0 NATO, ao contr\u00e1rio do que foi alegado pelo presidente do PAICV, sublinhando que \u201ctais considera\u00e7\u00f5es n\u00e3o correspondem \u00e0 verdade\u201d. A possibilidade de cria\u00e7\u00e3o [&hellip;]<\/p>\n","protected":false},"author":2,"featured_media":0,"comment_status":"closed","ping_status":"closed","sticky":false,"template":"","format":"standard","meta":{"_breakdance_hide_in_design_set":false,"_breakdance_tags":"","footnotes":""},"categories":[263],"tags":[264],"class_list":["post-2930","post","type-post","status-publish","format-standard","hentry","category-noticias","tag-noticias"],"_links":{"self":[{"href":"https:\/\/consultoria.cv\/fr\/wp-json\/wp\/v2\/posts\/2930","targetHints":{"allow":["GET"]}}],"collection":[{"href":"https:\/\/consultoria.cv\/fr\/wp-json\/wp\/v2\/posts"}],"about":[{"href":"https:\/\/consultoria.cv\/fr\/wp-json\/wp\/v2\/types\/post"}],"author":[{"embeddable":true,"href":"https:\/\/consultoria.cv\/fr\/wp-json\/wp\/v2\/users\/2"}],"replies":[{"embeddable":true,"href":"https:\/\/consultoria.cv\/fr\/wp-json\/wp\/v2\/comments?post=2930"}],"version-history":[{"count":0,"href":"https:\/\/consultoria.cv\/fr\/wp-json\/wp\/v2\/posts\/2930\/revisions"}],"wp:attachment":[{"href":"https:\/\/consultoria.cv\/fr\/wp-json\/wp\/v2\/media?parent=2930"}],"wp:term":[{"taxonomy":"category","embeddable":true,"href":"https:\/\/consultoria.cv\/fr\/wp-json\/wp\/v2\/categories?post=2930"},{"taxonomy":"post_tag","embeddable":true,"href":"https:\/\/consultoria.cv\/fr\/wp-json\/wp\/v2\/tags?post=2930"}],"curies":[{"name":"wp","href":"https:\/\/api.w.org\/{rel}","templated":true}]}}