{"id":2926,"date":"2025-02-01T00:01:48","date_gmt":"2025-02-01T01:01:48","guid":{"rendered":"https:\/\/consultoria.cv\/reducao-do-preco-das-passagens-aereas-em-40-faz-aumentar-viagens-para-as-ilhas-de-s-nicolau-e-maio\/"},"modified":"2025-02-01T00:01:48","modified_gmt":"2025-02-01T01:01:48","slug":"reducao-do-preco-das-passagens-aereas-em-40-faz-aumentar-viagens-para-as-ilhas-de-s-nicolau-e-maio","status":"publish","type":"post","link":"https:\/\/consultoria.cv\/fr\/reducao-do-preco-das-passagens-aereas-em-40-faz-aumentar-viagens-para-as-ilhas-de-s-nicolau-e-maio\/","title":{"rendered":"Redu\u00e7\u00e3o do pre\u00e7o das passagens a\u00e9reas em 40% faz aumentar viagens para as ilhas de S. Nicolau e Maio \u00a0"},"content":{"rendered":"<div>\n<p>A decis\u00e3o do Governo, em outubro de 2024, de reduzir em 40% o pre\u00e7o das passagens a\u00e9reas para as ilhas de S\u00e3o Nicolau e do Maio, aumentando a acessibilidade e atra\u00e7\u00e3o desses destinos, indicam um aumento significativo na procura de lugares nos avi\u00f5es da Cabo Verde Airlines, informa a companhia a\u00e9rea nacional.<\/p>\n<p>Entre outubro e dezembro de 2024, as viagens para a ilha do Maio registaram uma taxa de ocupa\u00e7\u00e3o de 70%, com 2.312 passageiros transportados em 44 voos. Enquanto isso, de e para a ilha de S\u00e3o Nicolau, a TACV realizou um total de 81 voos, tendo sido disponibilizados 2.982 lugares e transportados 2.316 passageiros, atingindo uma not\u00e1vel taxa de ocupa\u00e7\u00e3o de 80 por cento.<\/p>\n<p>De acordo com a empresa, essa medida do Governo n\u00e3o s\u00f3 impulsiona o turismo e a conectividade entre as ilhas, mas tamb\u00e9m revitaliza a economia local, tornando S\u00e3o Nicolau e Maio destinos mais atrativos para visitantes.<\/p>\n<p>O post <a rel=\"nofollow\" href=\"https:\/\/www.governo.cv\/reducao-do-preco-das-passagens-aereas-em-40-faz-aumentar-viagens-para-as-ilhas-de-s-nicolau-e-maio\/\" target=\"_blank\">Redu\u00e7\u00e3o do pre\u00e7o das passagens a\u00e9reas em 40% faz aumentar viagens para as ilhas de S. Nicolau e Maio \u00a0<\/a> apareceu primeiro em <a rel=\"nofollow\" href=\"https:\/\/www.governo.cv\/\" target=\"_blank\">Gouvernement du Cap-Vert<\/a>.<\/p>\n<\/div>","protected":false},"excerpt":{"rendered":"<p>A decis\u00e3o do Governo, em outubro de 2024, de reduzir em 40% o pre\u00e7o das passagens a\u00e9reas para as ilhas de S\u00e3o Nicolau e do Maio, aumentando a acessibilidade e atra\u00e7\u00e3o desses destinos, indicam um aumento significativo na procura de lugares nos avi\u00f5es da Cabo Verde Airlines, informa a companhia a\u00e9rea nacional. Entre outubro e [&hellip;]<\/p>\n","protected":false},"author":2,"featured_media":0,"comment_status":"closed","ping_status":"closed","sticky":false,"template":"","format":"standard","meta":{"_breakdance_hide_in_design_set":false,"_breakdance_tags":"","footnotes":""},"categories":[263],"tags":[264],"class_list":["post-2926","post","type-post","status-publish","format-standard","hentry","category-noticias","tag-noticias"],"_links":{"self":[{"href":"https:\/\/consultoria.cv\/fr\/wp-json\/wp\/v2\/posts\/2926","targetHints":{"allow":["GET"]}}],"collection":[{"href":"https:\/\/consultoria.cv\/fr\/wp-json\/wp\/v2\/posts"}],"about":[{"href":"https:\/\/consultoria.cv\/fr\/wp-json\/wp\/v2\/types\/post"}],"author":[{"embeddable":true,"href":"https:\/\/consultoria.cv\/fr\/wp-json\/wp\/v2\/users\/2"}],"replies":[{"embeddable":true,"href":"https:\/\/consultoria.cv\/fr\/wp-json\/wp\/v2\/comments?post=2926"}],"version-history":[{"count":0,"href":"https:\/\/consultoria.cv\/fr\/wp-json\/wp\/v2\/posts\/2926\/revisions"}],"wp:attachment":[{"href":"https:\/\/consultoria.cv\/fr\/wp-json\/wp\/v2\/media?parent=2926"}],"wp:term":[{"taxonomy":"category","embeddable":true,"href":"https:\/\/consultoria.cv\/fr\/wp-json\/wp\/v2\/categories?post=2926"},{"taxonomy":"post_tag","embeddable":true,"href":"https:\/\/consultoria.cv\/fr\/wp-json\/wp\/v2\/tags?post=2926"}],"curies":[{"name":"wp","href":"https:\/\/api.w.org\/{rel}","templated":true}]}}