{"id":2819,"date":"2025-01-14T14:53:57","date_gmt":"2025-01-14T15:53:57","guid":{"rendered":"https:\/\/consultoria.cv\/?p=2819"},"modified":"2025-01-14T15:11:53","modified_gmt":"2025-01-14T16:11:53","slug":"budget-de-letat-du-cap-vert-2025-ce-que-les-entreprises-doivent-savoir","status":"publish","type":"post","link":"https:\/\/consultoria.cv\/fr\/orcamento-de-estado-2025-de-cabo-verde-o-que-as-empresas-devem-saber\/","title":{"rendered":"Budget de l'\u00c9tat du Cap-Vert pour 2025 : ce que les entreprises doivent savoir"},"content":{"rendered":"<p>Le budget de l'\u00c9tat du Cap-Vert pour 2025 repr\u00e9sente une \u00e9tape importante dans la trajectoire \u00e9conomique et sociale du pays. En mettant clairement l'accent sur l'inclusion, la croissance et la durabilit\u00e9, ce budget vise non seulement \u00e0 r\u00e9pondre aux d\u00e9fis \u00e9conomiques mondiaux, mais aussi \u00e0 positionner le Cap-Vert comme un exemple de d\u00e9veloppement durable et \u00e9quitable dans la r\u00e9gion africaine. <\/p>\n\n\n\n<p>Ce rapport de <a href=\"https:\/\/consultoria.cv\/fr\/\" data-type=\"page\" data-id=\"13\">S&amp;D Consultancy<\/a>propose une analyse d\u00e9taill\u00e9e des principales mesures et implications du budget de l'\u00c9tat 2025, en mettant l'accent sur les informations pertinentes pour les entreprises.<\/p>\n\n\n\n<h2 class=\"wp-block-heading\" id=\"contextoeconmicoesocial\">Contexte \u00e9conomique et social<\/h2>\n\n\n\n<p>Le budget de l'\u00c9tat est un document essentiel qui d\u00e9finit les priorit\u00e9s \u00e9conomiques et politiques d'un pays pour une ann\u00e9e fiscale donn\u00e9e. Le budget de l'\u00c9tat 2025 est particuli\u00e8rement important, compte tenu du contexte \u00e9conomique mondial et des besoins de d\u00e9veloppement local. Notre objectif est de fournir une analyse compl\u00e8te du budget de l'\u00c9tat 2025 du Cap-Vert, en soulignant les aspects les plus pertinents pour les entreprises op\u00e9rant dans le pays.<\/p>\n\n\n\n<h2 class=\"wp-block-heading\" id=\"contextoeconmicodecaboverde\">Le contexte \u00e9conomique du Cap-Vert<\/h2>\n\n\n\n<p>Le budget de l'\u00c9tat pour 2025 a \u00e9t\u00e9 pr\u00e9sent\u00e9 avec un chiffre de 98 milliards d'escudos cap-verdiens, \u00e9quivalant \u00e0 environ 889 millions d'euros, ce qui repr\u00e9sente une augmentation d'environ 14% par rapport au budget de l'ann\u00e9e pr\u00e9c\u00e9dente (<a href=\"https:\/\/www.forbesafricalusofona.com\/cabo-verde-apresenta-orcamento-de-estado-2025\/\" target=\"_blank\" rel=\"noopener noreferrer nofollow\">Forbes Afrique lusophone<\/a>). Cette augmentation refl\u00e8te l'engagement du gouvernement \u00e0 promouvoir l'investissement, l'emploi et l'inclusion sociale, tout en renfor\u00e7ant la r\u00e9silience de l'\u00e9conomie face aux chocs ext\u00e9rieurs, y compris les effets du changement climatique.<\/p>\n\n\n\n<h2 class=\"wp-block-heading\" id=\"principaismedidaseimplicaesparaasempresas\">Mesures fiscales et incitations pour les entreprises<\/h2>\n\n\n\n<h3 class=\"wp-block-heading\" id=\"reduodataxadeirc\">R\u00e9duction du taux de l'imp\u00f4t sur les soci\u00e9t\u00e9s<\/h3>\n\n\n\n<p>L'une des mesures les plus importantes de l&nbsp;<a href=\"https:\/\/invoicexpress.com\/medidas-para-empresas-orcamento-estado-2025\/\" target=\"_blank\" rel=\"noopener noreferrer nofollow\">Budget de l'\u00c9tat pour 2025<\/a>&nbsp;est la r\u00e9duction du taux de l'imp\u00f4t sur les soci\u00e9t\u00e9s (IS). Le gouvernement propose d'abaisser le taux de l'imp\u00f4t sur les soci\u00e9t\u00e9s de 21% \u00e0 20% en 2025. Pour les petites et moyennes entreprises (PME), le taux applicable aux 50 premiers milliers d'euros de revenu imposable sera r\u00e9duit de 17% \u00e0 16%. Cette mesure vise \u00e0 all\u00e9ger la charge fiscale des entreprises et \u00e0 encourager l'investissement et l'expansion des activit\u00e9s.<\/p>\n\n\n\n<h3 class=\"wp-block-heading\" id=\"incentivofiscalvalorizaosalarial\">Incitations fiscales \u00e0 l'augmentation des salaires<\/h3>\n\n\n\n<p>Le budget de l'\u00c9tat 2025 apporte des modifications \u00e0 l'accord tripartite sur la valorisation des salaires et la croissance \u00e9conomique 2025-2028. Les entreprises qui augmentent le salaire de base annuel moyen par employ\u00e9 d'au moins 4,7% par rapport \u00e0 l'ann\u00e9e pr\u00e9c\u00e9dente pourront b\u00e9n\u00e9ficier d'une augmentation de 200% du co\u00fbt des augmentations salariales, contre 150% pr\u00e9c\u00e9demment. Cette mesure incitative vise \u00e0 promouvoir la valorisation du capital humain et \u00e0 accro\u00eetre la comp\u00e9titivit\u00e9 des entreprises cap-verdiennes.<\/p>\n\n\n\n<h3 class=\"wp-block-heading\" id=\"incentivosinovaoedesenvolvimentoempresarial\">Incitations \u00e0 l'innovation et au d\u00e9veloppement des entreprises<\/h3>\n\n\n\n<p>Le gouvernement cap-verdien propose de maintenir les incitations fiscales en faveur de la recherche et du d\u00e9veloppement des entreprises. Ces incitations sont essentielles pour favoriser l'innovation et la comp\u00e9titivit\u00e9 sur le march\u00e9 mondial. Les entreprises qui investissent dans des projets de recherche et de d\u00e9veloppement pourront b\u00e9n\u00e9ficier d'importantes d\u00e9ductions fiscales, ce qui encouragera la cr\u00e9ation de nouveaux produits et services capables de soutenir la concurrence internationale.<\/p>\n\n\n\n<h3 class=\"wp-block-heading\" id=\"isenesnaimportaoebenefciosaduaneiros\">Exemptions \u00e0 l'importation et avantages douaniers<\/h3>\n\n\n\n<p>Le budget de l'\u00c9tat pour 2025 pr\u00e9voit des exemptions d'importation pour les autorit\u00e9s locales et des incitations \u00e0 l'importation de v\u00e9hicules de transport public de passagers, de taxis et de poids lourds pour le tourisme. Ces mesures visent \u00e0 r\u00e9duire les co\u00fbts d'exploitation des entreprises qui d\u00e9pendent des importations et \u00e0 am\u00e9liorer les infrastructures de transport, qui sont essentielles \u00e0 la croissance \u00e9conomique et \u00e0 l'inclusion sociale.<\/p>\n\n\n\n<h3 class=\"wp-block-heading\" id=\"taxadecarbonoesustentabilidade\">Taxe carbone et d\u00e9veloppement durable<\/h3>\n\n\n\n<p>Une nouvelle mesure fiscale introduite dans le budget est la cr\u00e9ation d'une taxe sur le carbone, qui vise \u00e0 financer des actions d'att\u00e9nuation et d'adaptation aux effets du changement climatique. Cette taxe sera appliqu\u00e9e \u00e0 partir de 2025 et repr\u00e9sente l'engagement du gouvernement en faveur de la durabilit\u00e9 environnementale. Les entreprises qui adoptent des pratiques durables pourront b\u00e9n\u00e9ficier d'incitations fiscales, favorisant ainsi la transition vers une \u00e9conomie verte.<\/p>\n\n\n\n<h3 class=\"wp-block-heading\" id=\"medidasdepolticamonetriaeimpactonasempresas\">Les mesures de politique mon\u00e9taire et leur impact sur les entreprises<\/h3>\n\n\n\n<p>La Banque du Cap-Vert (BCV) a proc\u00e9d\u00e9 \u00e0 des augmentations de taux d'int\u00e9r\u00eat dans le but de contr\u00f4ler l'inflation et de stabiliser l'\u00e9conomie. En novembre 2024, le taux d'int\u00e9r\u00eat a \u00e9t\u00e9 augment\u00e9 de 25 points de base, suivi d'une nouvelle augmentation de 50 points de base en janvier 2025. Ces mesures visent \u00e0 lutter contre les facteurs d'incertitude, tels que l'inflation et la diminution des r\u00e9serves de change, mais elles repr\u00e9sentent \u00e9galement un d\u00e9fi pour les entreprises, qui pourraient \u00eatre confront\u00e9es \u00e0 des co\u00fbts de financement plus \u00e9lev\u00e9s (<a href=\"https:\/\/www.anacao.cv\/noticia\/2025\/01\/06\/medidas-do-bcv-e-do-oe-para-2025-a-ordem-e-apertar-cinto\/\" target=\"_blank\" rel=\"noopener noreferrer nofollow\">La Nation<\/a>).<\/p>\n\n\n\n<h3 class=\"wp-block-heading\" id=\"desenvolvimentoeconmicoeinclusosocial\">D\u00e9veloppement \u00e9conomique et inclusion sociale<\/h3>\n\n\n\n<p>Le budget 2025 donne la priorit\u00e9 \u00e0 l'investissement, \u00e0 l'emploi et \u00e0 l'inclusion sociale, avec une augmentation de 14% par rapport au budget 2024, pour un total de 98 milliards d'escudos (<a href=\"https:\/\/www.forbesafricalusofona.com\/cabo-verde-apresenta-orcamento-de-estado-2025\/\" target=\"_blank\" rel=\"noopener noreferrer nofollow\">Forbes Afrique lusophone<\/a>). Cette augmentation des investissements vise \u00e0 renforcer la r\u00e9silience aux chocs \u00e9conomiques et climatiques et \u00e0 promouvoir une prosp\u00e9rit\u00e9 partag\u00e9e. Les entreprises sont encourag\u00e9es \u00e0 participer \u00e0 des projets qui favorisent l'inclusion sociale et le d\u00e9veloppement durable.<\/p>\n\n\n\n<h3 class=\"wp-block-heading\" id=\"conectividadeeinfraestrutura\">Connectivit\u00e9 et infrastructure<\/h3>\n\n\n\n<p>Le gouvernement cap-verdien investit dans l'am\u00e9lioration de la connectivit\u00e9 a\u00e9rienne, la promotion des compagnies a\u00e9riennes \u00e0 bas prix et l'augmentation des vols int\u00e9rieurs et internationaux. Cette strat\u00e9gie vise \u00e0 am\u00e9liorer la connectivit\u00e9 interne et externe du Cap-Vert, en facilitant le commerce et le tourisme, secteurs vitaux pour l'\u00e9conomie du pays (<a href=\"https:\/\/expressodasilhas.cv\/politica\/2024\/08\/12\/orcamento-do-estado-para-2025-vai-priorizar-sustentabilidade-e-inclusao-anuncia-governo\/92839\" target=\"_blank\" rel=\"noopener noreferrer nofollow\">Island Express<\/a>).<\/p>\n\n\n\n<h2 class=\"wp-block-heading\" id=\"implicaesparaasempresas\">Implications pour les entreprises<\/h2>\n\n\n\n<h3 class=\"wp-block-heading\" id=\"oportunidadesdeinvestimento\">Opportunit\u00e9s d'investissement<\/h3>\n\n\n\n<p>Le budget de l'\u00c9tat 2025 pr\u00e9sente plusieurs opportunit\u00e9s pour les entreprises, en particulier dans les secteurs de l'infrastructure, du tourisme et des \u00e9nergies renouvelables. Les entreprises actives dans ces secteurs peuvent b\u00e9n\u00e9ficier d'incitations fiscales et de financements publics pour des projets qui contribuent aux objectifs de d\u00e9veloppement du gouvernement.<\/p>\n\n\n\n<h3 class=\"wp-block-heading\" id=\"alteraesfiscais\">Changements fiscaux<\/h3>\n\n\n\n<p>Le budget introduit certaines modifications fiscales qui pourraient avoir un impact sur les entreprises. Il s'agit notamment de<\/p>\n\n\n\n<ol start=\"3\" class=\"wp-block-list\">\n<li><strong>Incitations et avantages fiscaux<\/strong>Le budget propose de maintenir les incitations fiscales pour la recherche et le d\u00e9veloppement des entreprises, les jeunes pousses, le r\u00e9investissement des b\u00e9n\u00e9fices et le financement des projets d'innovation. Ces incitations sont essentielles pour favoriser la croissance du secteur priv\u00e9 et l'innovation dans le pays (<a href=\"https:\/\/www.pwc.pt\/pt\/pwcinforfisco\/flash\/cabo-verde\/cabo-verde-proposta-lei-orcamento-estado-2025.html\" target=\"_blank\" rel=\"noopener noreferrer nofollow\">PwC Portugal<\/a>).<\/li>\n<\/ol>\n\n\n\n<h3 class=\"wp-block-heading\" id=\"setoresprioritrios\">Secteurs prioritaires<\/h3>\n\n\n\n<ul class=\"wp-block-list\">\n<li><strong>R\u00e9ductions d'imp\u00f4ts pour les nouveaux investissements<\/strong>Afin de stimuler les investissements \u00e9trangers et locaux, le gouvernement a propos\u00e9 une r\u00e9duction temporaire des imp\u00f4ts pour les nouveaux investissements dans les secteurs prioritaires.<\/li>\n<\/ul>\n\n\n\n<p>Le budget de l'\u00c9tat pour 2025 identifie les secteurs prioritaires pour l'investissement et le d\u00e9veloppement, qui sont fondamentaux pour la diversification \u00e9conomique et la cr\u00e9ation d'emplois :<\/p>\n\n\n\n<ul class=\"wp-block-list\">\n<li><strong>Mesures d'incitation en faveur des \u00e9nergies renouvelables<\/strong>Les entreprises qui investissent dans des projets d'\u00e9nergie renouvelable peuvent b\u00e9n\u00e9ficier d'incitations fiscales, notamment de d\u00e9ductions de l'imp\u00f4t sur le revenu.<\/li>\n\n\n\n<li><strong>Hausse des taxes sur les produits de luxe<\/strong>: Afin d'augmenter les recettes publiques, le gouvernement a propos\u00e9 d'augmenter les taxes sur les produits de luxe, ce qui pourrait affecter les entreprises qui importent et vendent ces produits.<\/li>\n<\/ul>\n\n\n\n<h3 class=\"wp-block-heading\" id=\"desafioseriscos\">D\u00e9fis et risques<\/h3>\n\n\n\n<p>Malgr\u00e9 les opportunit\u00e9s, les entreprises doivent \u00eatre conscientes des d\u00e9fis et des risques li\u00e9s \u00e0 l'environnement \u00e9conomique du Cap-Vert :<\/p>\n\n\n\n<ul class=\"wp-block-list\">\n<li><strong>Volatilit\u00e9 de l'\u00e9conomie mondiale<\/strong>L'\u00e9conomie mondiale reste volatile et les fluctuations des march\u00e9s internationaux peuvent avoir un impact n\u00e9gatif sur les exportations et le tourisme au Cap-Vert.<\/li>\n\n\n\n<li><strong>Transition \u00e9nerg\u00e9tique et num\u00e9risation<\/strong>Le Cap-Vert : Le gouvernement cap-verdien mise beaucoup sur la transition vers les \u00e9nergies renouvelables et la num\u00e9risation des services. Cet engagement vise \u00e0 rendre le pays plus r\u00e9silient et plus comp\u00e9titif, offrant des opportunit\u00e9s significatives pour les entreprises des secteurs de la technologie et de l'\u00e9nergie (<a href=\"https:\/\/expressodasilhas.cv\/opiniao\/2024\/11\/11\/orcamento-do-estado-2025-um-marco-para-a-inclusao-crescimento-e-equidade-em-cabo-verde\/94143\" target=\"_blank\" rel=\"noopener noreferrer nofollow\">Island Express<\/a>).<\/li>\n<\/ul>\n\n\n\n<ol class=\"wp-block-list\"><\/ol>\n\n\n\n<ul class=\"wp-block-list\">\n<li><strong>D\u00e9pendance \u00e0 l'\u00e9gard des importations<\/strong>La d\u00e9pendance \u00e0 l'\u00e9gard des importations de biens essentiels peut entra\u00eener des co\u00fbts \u00e9lev\u00e9s pour les entreprises, en particulier en cas de fluctuations des taux de change ou d'interruptions dans les cha\u00eenes d'approvisionnement.<\/li>\n\n\n\n<li><strong>Infrastructures limit\u00e9es<\/strong>Bien que le budget pr\u00e9voie des investissements dans les infrastructures, les limitations actuelles peuvent poser des probl\u00e8mes logistiques aux entreprises, en particulier \u00e0 celles qui d\u00e9pendent d'un transport et d'une logistique efficaces.<\/li>\n<\/ul>\n\n\n\n<h2 class=\"wp-block-heading\" id=\"concluso\">Conclusion<\/h2>\n\n\n\n<p>Le budget de l'\u00c9tat du Cap-Vert pour 2025 pr\u00e9sente un plan ambitieux pour le d\u00e9veloppement \u00e9conomique et social du pays. <br><br>Les entreprises op\u00e9rant au Cap-Vert doivent \u00eatre conscientes des opportunit\u00e9s et des d\u00e9fis pr\u00e9sent\u00e9s par ce budget. Gr\u00e2ce \u00e0 des investissements strat\u00e9giques et \u00e0 une bonne compr\u00e9hension des politiques fiscales et \u00e9conomiques, les entreprises peuvent se positionner de mani\u00e8re \u00e0 tirer profit de la croissance \u00e9conomique pr\u00e9vue pour les ann\u00e9es \u00e0 venir.<\/p>\n\n\n\n<p><strong>Tourisme et r\u00e9g\u00e9n\u00e9ration urbaine<\/strong>Le tourisme reste un moteur essentiel de l'\u00e9conomie cap-verdienne. Le budget pr\u00e9voit des investissements dans l'am\u00e9lioration urbaine et environnementale, la valorisation des fronts de mer et du patrimoine culturel, qui peuvent b\u00e9n\u00e9ficier aux entreprises li\u00e9es au tourisme et au d\u00e9veloppement urbain (<a href=\"https:\/\/www.governo.cv\/discurso-de-abertura-do-primeiro-ministro-debate-sobre-o-orcamento-de-estado-para-2025\/\" target=\"_blank\" rel=\"noopener noreferrer nofollow\">Gouvernement du Cap-Vert<\/a>).<\/p>\n\n\n\n<p><strong>Connectivit\u00e9 a\u00e9rienne<\/strong>L'am\u00e9lioration de la connectivit\u00e9 a\u00e9rienne par la promotion des compagnies a\u00e9riennes \u00e0 bas prix et l'augmentation des vols int\u00e9rieurs et internationaux est une priorit\u00e9. Cette mesure vise \u00e0 am\u00e9liorer la connectivit\u00e9 interne et externe, en facilitant le commerce et le tourisme (<a href=\"https:\/\/expressodasilhas.cv\/politica\/2024\/08\/12\/orcamento-do-estado-para-2025-vai-priorizar-sustentabilidade-e-inclusao-anuncia-governo\/92839\" target=\"_blank\" rel=\"noopener noreferrer nofollow\">Island Express<\/a>).<\/p>\n\n\n\n<ol start=\"3\" class=\"wp-block-list\"><\/ol>\n\n\n\n<h3 class=\"wp-block-heading\" id=\"desenvolvimentosustentveleincluso\">D\u00e9veloppement durable et inclusion<\/h3>\n\n\n\n<p>Le budget de l'\u00c9tat 2025 r\u00e9affirme l'engagement du Cap-Vert en faveur du d\u00e9veloppement durable et de la justice sociale. Le gouvernement vise \u00e0 atteindre une croissance \u00e9conomique \u00e9quilibr\u00e9e entre les \u00eeles, en transformant chacune d'entre elles en une \u00e9conomie propre align\u00e9e sur ses vocations sp\u00e9cifiques. Cette strat\u00e9gie comprend des mesures visant \u00e0 am\u00e9liorer les infrastructures, \u00e0 promouvoir l'inclusion sociale et \u00e0 r\u00e9duire l'extr\u00eame pauvret\u00e9 (<a href=\"https:\/\/expressodasilhas.cv\/politica\/2024\/08\/12\/orcamento-do-estado-para-2025-vai-priorizar-sustentabilidade-e-inclusao-anuncia-governo\/92839\" target=\"_blank\" rel=\"noopener noreferrer nofollow\">Island Express<\/a>).<\/p>\n\n\n\n<h2 class=\"wp-block-heading\">Consulter le budget de l'\u00c9tat 2025<\/h2>\n\n\n\n<div data-wp-interactive=\"core\/file\" class=\"wp-block-file\"><object data-wp-bind--hidden=\"!state.hasPdfPreview\" hidden class=\"wp-block-file__embed\" data=\"https:\/\/consultoria.cv\/wp-content\/uploads\/2025\/01\/Orcamento_Estado_2025_bo_30-12-2024_125.pdf\" type=\"application\/pdf\" style=\"width:100%;height:600px\" aria-label=\"Contenu embarqu\u00e9 Or\u00e7amento_Estado_2025_bo_30-12-2024_125.\"><\/object><a id=\"wp-block-file--media-614d6a43-4414-4b3d-9c91-65f6fb52e7da\" href=\"https:\/\/consultoria.cv\/wp-content\/uploads\/2025\/01\/Orcamento_Estado_2025_bo_30-12-2024_125.pdf\">Or\u00e7amento_Estado_2025_bo_30-12-2024_125<\/a><a href=\"https:\/\/consultoria.cv\/wp-content\/uploads\/2025\/01\/Orcamento_Estado_2025_bo_30-12-2024_125.pdf\" class=\"wp-block-file__button wp-element-button\" download aria-describedby=\"wp-block-file--media-614d6a43-4414-4b3d-9c91-65f6fb52e7da\">T\u00e9l\u00e9charger<\/a><\/div>\n\n\n\n<h2 class=\"wp-block-heading\" id=\"referncias\">R\u00e9f\u00e9rences<\/h2>\n\n\n\n<p>Groupe APO (2024, 12 ao\u00fbt). Priorit\u00e9s du budget de l'\u00c9tat du Cap-Vert pour 2025 : coh\u00e9sion, durabilit\u00e9 et inclusion. Salle de presse de l'Afrique. https:\/\/www.africa-newsroom.com\/press\/prioridades-do-orcamento-do-estado-de-cabo-verde-para-2025-coesao-sustentabilidade-e-inclusao?lang=pt<\/p>\n\n\n\n<p>PricewaterhouseCoopers (2024, 31 d\u00e9cembre). Cap-Vert - Budget de l'\u00c9tat pour 2025. PwC Portugal. https:\/\/www.pwc.pt\/pt\/pwcinforfisco\/flash\/cabo-verde\/cabo-verde-orcamento-estado-2025.html<\/p>","protected":false},"excerpt":{"rendered":"<p>O Or\u00e7amento de Estado para 2025 de Cabo Verde representa um marco significativo na trajet\u00f3ria econ\u00f3mica e social do pa\u00eds. Com um enfoque claro na inclus\u00e3o, crescimento e sustentabilidade, este or\u00e7amento visa n\u00e3o apenas responder aos desafios econ\u00f3micos globais, mas tamb\u00e9m posicionar Cabo Verde como um exemplo de desenvolvimento sustent\u00e1vel e equitativo na regi\u00e3o africana. [&hellip;]<\/p>\n","protected":false},"author":2,"featured_media":2820,"comment_status":"closed","ping_status":"open","sticky":false,"template":"","format":"standard","meta":{"_breakdance_hide_in_design_set":false,"_breakdance_tags":"","footnotes":""},"categories":[1],"tags":[],"class_list":["post-2819","post","type-post","status-publish","format-standard","has-post-thumbnail","hentry","category-blog"],"_links":{"self":[{"href":"https:\/\/consultoria.cv\/fr\/wp-json\/wp\/v2\/posts\/2819","targetHints":{"allow":["GET"]}}],"collection":[{"href":"https:\/\/consultoria.cv\/fr\/wp-json\/wp\/v2\/posts"}],"about":[{"href":"https:\/\/consultoria.cv\/fr\/wp-json\/wp\/v2\/types\/post"}],"author":[{"embeddable":true,"href":"https:\/\/consultoria.cv\/fr\/wp-json\/wp\/v2\/users\/2"}],"replies":[{"embeddable":true,"href":"https:\/\/consultoria.cv\/fr\/wp-json\/wp\/v2\/comments?post=2819"}],"version-history":[{"count":2,"href":"https:\/\/consultoria.cv\/fr\/wp-json\/wp\/v2\/posts\/2819\/revisions"}],"predecessor-version":[{"id":2824,"href":"https:\/\/consultoria.cv\/fr\/wp-json\/wp\/v2\/posts\/2819\/revisions\/2824"}],"wp:featuredmedia":[{"embeddable":true,"href":"https:\/\/consultoria.cv\/fr\/wp-json\/wp\/v2\/media\/2820"}],"wp:attachment":[{"href":"https:\/\/consultoria.cv\/fr\/wp-json\/wp\/v2\/media?parent=2819"}],"wp:term":[{"taxonomy":"category","embeddable":true,"href":"https:\/\/consultoria.cv\/fr\/wp-json\/wp\/v2\/categories?post=2819"},{"taxonomy":"post_tag","embeddable":true,"href":"https:\/\/consultoria.cv\/fr\/wp-json\/wp\/v2\/tags?post=2819"}],"curies":[{"name":"wp","href":"https:\/\/api.w.org\/{rel}","templated":true}]}}