{"id":4735,"date":"2026-09-01T11:03:22","date_gmt":"2026-09-01T12:03:22","guid":{"rendered":"https:\/\/consultoria.cv\/primeiro-ministro-retoma-auscultacao-dos-autarcas-e-defende-acabar-com-a-ideia-de-ilhas-perifericas-melhorando-os-servicos-prestados-as-populacoes\/"},"modified":"2026-09-01T11:03:22","modified_gmt":"2026-09-01T12:03:22","slug":"primeiro-ministro-retoma-auscultacao-dos-autarcas-e-defende-acabar-com-a-ideia-de-ilhas-perifericas-melhorando-os-servicos-prestados-as-populacoes","status":"publish","type":"post","link":"https:\/\/consultoria.cv\/en\/primeiro-ministro-retoma-auscultacao-dos-autarcas-e-defende-acabar-com-a-ideia-de-ilhas-perifericas-melhorando-os-servicos-prestados-as-populacoes\/","title":{"rendered":"Primeiro-Ministro retoma ausculta\u00e7\u00e3o dos autarcas e defende \u201cacabar com a ideia de ilhas perif\u00e9ricas\u201d, melhorando os servi\u00e7os prestados \u00e0s popula\u00e7\u00f5es"},"content":{"rendered":"<div>\n<p>O Primeiro-Ministro, Francisco Carvalho, deu continuidade ao processo de ausculta\u00e7\u00e3o dos presidentes das c\u00e2maras municipais, reiterando o compromisso do Governo de ser, por dever e responsabilidade, um parceiro ativo das autarquias na procura de solu\u00e7\u00f5es para os problemas mais urgentes das popula\u00e7\u00f5es.<\/p>\n<p>No encontro que manteve na manh\u00e3 de s\u00e1bado com os Presidentes das C\u00e2maras de Santa Catarina de Santiago, Armindo Freitas, do PAICV, e com o de Tarrafal de S\u00e3o Nicolau, Neivo Ara\u00fajo, este \u00faltimo eleito pelo MpD, o Chefe do Executivo deixou claro que as disputas pol\u00edticas terminam com a realiza\u00e7\u00e3o das elei\u00e7\u00f5es e que depois \u201ctodos devemos trabalhar, em parceria, por Cabo Verde\u201d.<\/p>\n<p>Francisco Carvalho garantiu que \u201cmais do que palavras, as a\u00e7\u00f5es do Governo ir\u00e3o demostrar, na pr\u00e1tica, esta nova forma de se relacionar com os munic\u00edpios\u201d.<\/p>\n<p>No encontro com o Primeiro-Ministro e v\u00e1rios membros do Governo, o Presidente da C\u00e2mara de Santa Catarina, Armindo Freitas, manifestou muita satisfa\u00e7\u00e3o pela oportunidade de dialogar diretamente com o Chefe do Governo e com integrantes do Executivo. pois \u00e9 \u201ca primeira vez que cumprimenta e se senta para trabalhar com o Primeiro-Ministro do seu pa\u00eds. Nunca dantes tinha conseguido, sequer, entrar no gabinete de um ministro\u201d, lamentou, para valorizar o processo de ausculta\u00e7\u00e3o aberto pelo Primeiro-Ministro.<\/p>\n<p>O autarca de Santa Catarina apresentou um conjunto de projetos, cuja materializa\u00e7\u00e3o e finaliza\u00e7\u00e3o deixa muita falta aos mun\u00edcipes e \u00e0 regi\u00e3o, no seu todo, uns com obras em curso e outros que continuam pendentes, \u00e0 espera do financiamento, apesar da autarquia ter assinado contratos com o Governo anterior, cujos desembolsos n\u00e3o aconteceram.<\/p>\n<p>Armindo Freitas falou de projetos com contratos assinados com empreiteiros, cujas obras foram iniciadas com recursos da autarquia, que avan\u00e7ou pagamentos e ficou \u00e0 espera dos desembolsos do Governo, que n\u00e3o aconteceram, obrigando a autarquia a suspender as obras. Apontou como exemplo um projeto para a constru\u00e7\u00e3o de casas de banho, or\u00e7ado em 20 mil contos, que foi interrompido porque o munic\u00edpio n\u00e3o recebeu os recursos contratualizados com o Governo anterior, apesar do acordo assinado.<\/p>\n<p>Por isso, pediu ao Governo celeridade e colabora\u00e7\u00e3o para a execu\u00e7\u00e3o de projetos considerados priorit\u00e1rios, como constru\u00e7\u00e3o da estrada Bela Vista\/Gamboa, em Ch\u00e3 de Tanque, para al\u00e9m da pavimenta\u00e7\u00e3o de estradas nas\u00a0 localidades de Mato Geg\u00ea, Pombal e Somadinha.<\/p>\n<p>Projetos de requalifica\u00e7\u00e3o urbana, ambiental e domiciliar foram tamb\u00e9m apresentados. A constru\u00e7\u00e3o do Matadouro Municipal foi outra proposta apresentada e o Primeiro-Ministro, neste aspeto concreto, lamentou que o pa\u00eds, ap\u00f3s 50 anos como Estado independente, ter ainda v\u00e1rios munic\u00edpios sem matadouro, assegurando que o Governo vai trabalhar para que todos os munic\u00edpios tenham um matadouro. O Primeiro-Ministro considera \u201cinadmiss\u00edvel a n\u00e3o exist\u00eancia desta importante infraestrutura que protege a sa\u00fade p\u00fablica\u201d.<\/p>\n<p>O Governo assegurou, ainda, financiar, este ano, projetos de requalifica\u00e7\u00e3o urbana, para al\u00e9m de melhorias das habita\u00e7\u00f5es, atrav\u00e9s da C\u00e2mara local. A constru\u00e7\u00e3o de um Centro de Transfer\u00eancia de Res\u00edduos foi outro projeto apresentado, pelo autarca, com o Primeiro-Ministro a garantir que ser\u00e1 analisado, embora tenha afirmado que \u201ca gest\u00e3o dos res\u00edduos s\u00f3lidos ultrapassa a capacidade dos munic\u00edpios e que, por isso, defende a cria\u00e7\u00e3o de uma entidade nacional para tratar os recursos s\u00f3lidos, que constituem um problema global.<\/p>\n<p>Projetos nas \u00e1reas sociais, como a constru\u00e7\u00e3o de um lar para idosos tamb\u00e9m foram discutidos, com o Governo a assegurar que, tendo em conta a mudan\u00e7a demogr\u00e1fica do pa\u00eds, \u00e9 uma quest\u00e3o que ganha relev\u00e2ncia nacional e como tal ser\u00e1 priorizada.<\/p>\n<p><strong>Acabar com ideia de ilhas perif\u00e9ricas<\/strong><\/p>\n<p>\u201c\u00c9 doloroso constatar que o Presidente da C\u00e2mara de Tarrafal de S\u00e3o Nicolau teve de fazer uma viagem de barco de 10 horas, para poder chegar ao encontro\u201d, foi com este sentimento que o Primeiro-Ministro deu as boas-vindas ao Presidente Neivo Ara\u00fajo, eleito pelo MpD, e que pediu ajuda ao Governo, liderado por Francisco Carvalho, pois \u201co Governo anterior n\u00e3o deu a aten\u00e7\u00e3o devida a Tarrafal\u201d.<\/p>\n<p><img decoding=\"async\" loading=\"lazy\" class=\"alignnone size-medium wp-image-42234\" src=\"https:\/\/consultoria.cv\/wp-content\/uploads\/2026\/09\/img_1175-300x200-1.jpg\" alt=\"\" width=\"300\" height=\"200\" srcset=\"https:\/\/consultoria.cv\/wp-content\/uploads\/2026\/09\/img_1175-300x200-1.jpg 300w, https:\/\/www.governo.cv\/wp-content\/uploads\/2026\/08\/img_1175-1024x683.jpg 1024w, https:\/\/www.governo.cv\/wp-content\/uploads\/2026\/08\/img_1175-768x512.jpg 768w\" sizes=\"auto, (max-width: 300px) 100vw, 300px\"><\/p>\n<p>O Presidente da C\u00e2mara Municipal de Tarrafal de S\u00e3o Nicolau deu como exemplos o facto de se ter produzido resolu\u00e7\u00f5es que visavam a abertura de uma delega\u00e7\u00e3o do Minist\u00e9rio da Agricultura e uma que determinava a abertura dos servi\u00e7os de Conservat\u00f3ria, Registo e Notariado, sem que os mesmos tenham sa\u00eddo do papel. Do Governo de Francisco Carvalho recebeu a garantia da abertura da delega\u00e7\u00e3o do Minist\u00e9rio do Desenvolvimento Rural e Pescas, j\u00e1, no pr\u00f3ximo ano. Em rela\u00e7\u00e3o aos servi\u00e7os notariais, tamb\u00e9m haver\u00e1 novidades, a curto prazo.<\/p>\n<p>No dom\u00ednio das infraestruturas o Presidente Neivo Ara\u00fajo pediu, v\u00e1rias vezes, ajuda do Governo para ter equipamentos que permitam a desobstru\u00e7\u00e3o de estradas, por causa das chuvas, como aconteceu no passado recente com a passagem de uma tempestade. O Presidente da C\u00e2mara de Tarrafal recebeu a garantia da disponibiliza\u00e7\u00e3o de m\u00e1quinas do Minist\u00e9rio da Agricultura para colmatar as necessidades urgentes.<\/p>\n<p>Do Governo, Neivo Ara\u00fajo recebeu ainda a garantia de ajuda na abertura e melhoria de estradas de acesso, bem como recebeu garantias de parceria financeira do Governo para a reabilita\u00e7\u00e3o de casas, melhorias das infraestruturas rodovi\u00e1rias e da constru\u00e7\u00e3o de um centro p\u00f3s-colheita, pois \u201co Governo sente uma grande responsabilidade e vai trabalhar para a cria\u00e7\u00e3o de melhores condi\u00e7\u00f5es, de servi\u00e7os que estimulem a fixa\u00e7\u00e3o de jovens na ilha, acabando com a ideia de ilhas perif\u00e9ricas, com mais e melhores servi\u00e7os p\u00fablicos e com maior presen\u00e7a do Estado.<\/p>\n<p>Outro problema que tem condicionado a ilha, h\u00e1 largos anos, \u00e9 a quest\u00e3o dos transportes. Em rela\u00e7\u00e3o a este aspeto o Governo garantiu estar a trabalhar para resolver os problemas.<\/p>\n<p>Ao concluir o encontro, o Primeiro-Ministro assegurou que o Tarrafal pode contar com o apoio e a parceria do Governo, sublinhando que \u00e9 preciso p\u00f4r fim a problemas que se arrastam ao longo dos anos.<\/p>\n<p>\u201cH\u00e1 problemas que n\u00e3o podem continuar a persistir, com governos a entrarem e a sa\u00edrem, deixando os mesmos problemas por resolver\u201d, afirmou Francisco Carvalho.<\/p>\n<p>The post <a rel=\"nofollow\" href=\"https:\/\/www.governo.cv\/primeiro-ministro-retoma-auscultacao-dos-autarcas-e-defende-acabar-com-a-ideia-de-ilhas-perifericas-melhorando-os-servicos-prestados-as-populacoes\/\" target=\"_blank\">Primeiro-Ministro retoma ausculta\u00e7\u00e3o dos autarcas e defende \u201cacabar com a ideia de ilhas perif\u00e9ricas\u201d, melhorando os servi\u00e7os prestados \u00e0s popula\u00e7\u00f5es<\/a> appeared first on <a rel=\"nofollow\" href=\"https:\/\/www.governo.cv\/\" target=\"_blank\">Government of Cape Verde<\/a>.<\/p>\n<\/div>","protected":false},"excerpt":{"rendered":"<p>O Primeiro-Ministro, Francisco Carvalho, deu continuidade ao processo de ausculta\u00e7\u00e3o dos presidentes das c\u00e2maras municipais, reiterando o compromisso do Governo de ser, por dever e responsabilidade, um parceiro ativo das autarquias na procura de solu\u00e7\u00f5es para os problemas mais urgentes das popula\u00e7\u00f5es. No encontro que manteve na manh\u00e3 de s\u00e1bado com os Presidentes das C\u00e2maras [&hellip;]<\/p>\n","protected":false},"author":2,"featured_media":4736,"comment_status":"closed","ping_status":"closed","sticky":false,"template":"","format":"standard","meta":{"_breakdance_hide_in_design_set":false,"_breakdance_tags":"","footnotes":""},"categories":[263],"tags":[264],"class_list":["post-4735","post","type-post","status-publish","format-standard","has-post-thumbnail","hentry","category-noticias","tag-noticias"],"_links":{"self":[{"href":"https:\/\/consultoria.cv\/en\/wp-json\/wp\/v2\/posts\/4735","targetHints":{"allow":["GET"]}}],"collection":[{"href":"https:\/\/consultoria.cv\/en\/wp-json\/wp\/v2\/posts"}],"about":[{"href":"https:\/\/consultoria.cv\/en\/wp-json\/wp\/v2\/types\/post"}],"author":[{"embeddable":true,"href":"https:\/\/consultoria.cv\/en\/wp-json\/wp\/v2\/users\/2"}],"replies":[{"embeddable":true,"href":"https:\/\/consultoria.cv\/en\/wp-json\/wp\/v2\/comments?post=4735"}],"version-history":[{"count":0,"href":"https:\/\/consultoria.cv\/en\/wp-json\/wp\/v2\/posts\/4735\/revisions"}],"wp:featuredmedia":[{"embeddable":true,"href":"https:\/\/consultoria.cv\/en\/wp-json\/wp\/v2\/media\/4736"}],"wp:attachment":[{"href":"https:\/\/consultoria.cv\/en\/wp-json\/wp\/v2\/media?parent=4735"}],"wp:term":[{"taxonomy":"category","embeddable":true,"href":"https:\/\/consultoria.cv\/en\/wp-json\/wp\/v2\/categories?post=4735"},{"taxonomy":"post_tag","embeddable":true,"href":"https:\/\/consultoria.cv\/en\/wp-json\/wp\/v2\/tags?post=4735"}],"curies":[{"name":"wp","href":"https:\/\/api.w.org\/{rel}","templated":true}]}}