{"id":4489,"date":"2026-05-01T00:08:23","date_gmt":"2026-05-01T01:08:23","guid":{"rendered":"https:\/\/consultoria.cv\/cabo-verde-anuncia-perdao-de-dividas-para-empresas-a-partir-de-fevereiro-noticias-ao-minuto\/"},"modified":"2026-05-01T00:08:23","modified_gmt":"2026-05-01T01:08:23","slug":"cabo-verde-anuncia-perdao-de-dividas-para-empresas-a-partir-de-fevereiro-noticias-ao-minuto","status":"publish","type":"post","link":"https:\/\/consultoria.cv\/en\/cabo-verde-anuncia-perdao-de-dividas-para-empresas-a-partir-de-fevereiro-noticias-ao-minuto\/","title":{"rendered":"Cabo Verde anuncia perd\u00e3o de d\u00edvidas para empresas a partir de fevereiro &#8211; Not\u00edcias ao Minuto"},"content":{"rendered":"<div><a href=\"https:\/\/news.google.com\/rss\/articles\/CBMiuwFBVV95cUxPWGc3YjV3aDRaLWxtSHUwSFhhS041WHNvSngzYmVIay1waWJYdDBnUTdoemdnRTFIT0ZSd3FpQVM5ajdzYUxWbUoybVJlZ3dSV042R3h6N0lsallCbjM2RWQ1QUE2Um1uWnJrWDM1ZzNSTS1DT2hsd3l5QmgycTA0WHoxcVpFWVZuMVZsQ2x2TFlDY3N5bXZNVGF0M1ZzVEV2ZDI1V0FSck1LZmlDRDBVLTA1ZXdBWWJSTlp3?oc=5\" target=\"_blank\" rel=\"noopener noreferrer nofollow\">Cabo Verde anuncia perd\u00e3o de d\u00edvidas para empresas a partir de fevereiro<\/a>\u00a0\u00a0<font color=\"#6f6f6f\">News of the World<\/font><\/div>","protected":false},"excerpt":{"rendered":"<p>Cabo Verde anuncia perd\u00e3o de d\u00edvidas para empresas a partir de fevereiro\u00a0\u00a0Not\u00edcias ao Minuto<\/p>","protected":false},"author":2,"featured_media":0,"comment_status":"closed","ping_status":"closed","sticky":false,"template":"","format":"standard","meta":{"_breakdance_hide_in_design_set":false,"_breakdance_tags":"","footnotes":""},"categories":[263],"tags":[264],"class_list":["post-4489","post","type-post","status-publish","format-standard","hentry","category-noticias","tag-noticias"],"_links":{"self":[{"href":"https:\/\/consultoria.cv\/en\/wp-json\/wp\/v2\/posts\/4489","targetHints":{"allow":["GET"]}}],"collection":[{"href":"https:\/\/consultoria.cv\/en\/wp-json\/wp\/v2\/posts"}],"about":[{"href":"https:\/\/consultoria.cv\/en\/wp-json\/wp\/v2\/types\/post"}],"author":[{"embeddable":true,"href":"https:\/\/consultoria.cv\/en\/wp-json\/wp\/v2\/users\/2"}],"replies":[{"embeddable":true,"href":"https:\/\/consultoria.cv\/en\/wp-json\/wp\/v2\/comments?post=4489"}],"version-history":[{"count":0,"href":"https:\/\/consultoria.cv\/en\/wp-json\/wp\/v2\/posts\/4489\/revisions"}],"wp:attachment":[{"href":"https:\/\/consultoria.cv\/en\/wp-json\/wp\/v2\/media?parent=4489"}],"wp:term":[{"taxonomy":"category","embeddable":true,"href":"https:\/\/consultoria.cv\/en\/wp-json\/wp\/v2\/categories?post=4489"},{"taxonomy":"post_tag","embeddable":true,"href":"https:\/\/consultoria.cv\/en\/wp-json\/wp\/v2\/tags?post=4489"}],"curies":[{"name":"wp","href":"https:\/\/api.w.org\/{rel}","templated":true}]}}