{"id":4486,"date":"2026-05-01T00:05:29","date_gmt":"2026-05-01T01:05:29","guid":{"rendered":"https:\/\/consultoria.cv\/governo-formaliza-privatizacao-da-cabo-verde-handling-com-a-swissport\/"},"modified":"2026-05-01T00:05:29","modified_gmt":"2026-05-01T01:05:29","slug":"governo-formaliza-privatizacao-da-cabo-verde-handling-com-a-swissport","status":"publish","type":"post","link":"https:\/\/consultoria.cv\/en\/governo-formaliza-privatizacao-da-cabo-verde-handling-com-a-swissport\/","title":{"rendered":"Governo formaliza privatiza\u00e7\u00e3o da Cabo Verde Handling com a Swissport"},"content":{"rendered":"<div>\n<p>O Governo de Cabo Verde assinou nesta ter\u00e7a-feira, 28 de abril, o contrato de compra e venda de 51% das a\u00e7\u00f5es da Cabo Verde Handling, S.A., formalizando a transfer\u00eancia da participa\u00e7\u00e3o detida pela ASA para a Swissport International AG, enquanto compradora e parceiro estrat\u00e9gico.<\/p>\n<p>Na ocasi\u00e3o, o Ministro das Finan\u00e7as, Olavo Correia, afirmou que a escolha da Swissport International AG como parceiro privado da Cabo Verde Handling teve em considera\u00e7\u00e3o o m\u00e9rito da proposta apresentada, o plano de investimentos, o valor da transa\u00e7\u00e3o, o compromisso com o desenvolvimento do hub a\u00e9reo e a moderniza\u00e7\u00e3o da empresa.<\/p>\n<p>\u201cEstamos perante uma parceria em que Cabo Verde conseguiu atrair uma das melhores e maiores empresas de handling a n\u00edvel mundial. Quero destacar a confian\u00e7a que a Swissport depositou em Cabo Verde para estabelecermos uma parceria de longo prazo. O Governo criar\u00e1 todas as condi\u00e7\u00f5es e um ambiente de neg\u00f3cios favor\u00e1vel para que esta parceria seja um sucesso ao servi\u00e7o da na\u00e7\u00e3o cabo-verdiana, dos trabalhadores e do pa\u00eds\u201d, destacou.<\/p>\n<p>Segundo Olavo Correia, o neg\u00f3cio atinge o valor global de 36 milh\u00f5es de euros para 51% do capital social da Cabo Verde Handling, S.A. \u201cImporta referir que o mandato \u00e9 alienar 61% do capital da empresa. Prev\u00ea-se ainda a venda de 5% aos colaboradores, incentivando a sua participa\u00e7\u00e3o, e de mais 5% \u00e0 di\u00e1spora cabo-verdiana, permitindo que tamb\u00e9m participe enquanto acionista nesta empresa\u201d, referiu.<\/p>\n<p>O Ministro sublinhou que o processo assegura um forte compromisso com os trabalhadores, garantindo a manuten\u00e7\u00e3o dos postos de trabalho, o respeito pelos direitos adquiridos e a cria\u00e7\u00e3o de melhores oportunidades de qualifica\u00e7\u00e3o, forma\u00e7\u00e3o cont\u00ednua e desenvolvimento de carreira alinhados com as melhores pr\u00e1ticas internacionais, acrescentando que o crescimento da empresa dever\u00e1 impulsionar novas contrata\u00e7\u00f5es.<\/p>\n<p>Acrescentou ainda que a Swissport apresentou um plano estrat\u00e9gico de excel\u00eancia, com investimentos estimados em cerca de 10,5 milh\u00f5es de euros nos pr\u00f3ximos cinco anos, incluindo uma aposta robusta em inova\u00e7\u00e3o e tecnologia e uma vis\u00e3o de longo prazo alinhada com a ambi\u00e7\u00e3o de posicionar Cabo Verde como um hub a\u00e9reo competitivo.<\/p>\n<p>Por sua vez, o PCA da ASA, Mois\u00e9s Monteiro, afirmou que este ato se enquadra na vis\u00e3o estrat\u00e9gica do Governo de promo\u00e7\u00e3o do desenvolvimento social e econ\u00f3mico do pa\u00eds, na qual as parcerias p\u00fablico-privadas assumem um papel central na mobiliza\u00e7\u00e3o de investimento, transfer\u00eancia de conhecimento e refor\u00e7o da efici\u00eancia na presta\u00e7\u00e3o de servi\u00e7os.<\/p>\n<p>\u201cA ASA deixa de ser detentora a 100% da Cabo Verde Handling, passando tamb\u00e9m a n\u00e3o deter uma participa\u00e7\u00e3o maiorit\u00e1ria. Contudo, orgulha-se de ter preparado a empresa para este novo ciclo de desenvolvimento, alinhado com o programa do Governo, que privilegia a abertura ao setor privado, a atra\u00e7\u00e3o de operadores internacionais de refer\u00eancia e a cria\u00e7\u00e3o de valor econ\u00f3mico e social sustent\u00e1vel\u201d, afirmou.<\/p>\n<p>O representante da Swissport International AG, Christian Zweifel, destacou que o acordo reflete uma miss\u00e3o comum de refor\u00e7ar a conectividade, apoiar o turismo e promover o crescimento econ\u00f3mico sustent\u00e1vel em Cabo Verde, sublinhando ser uma honra a sele\u00e7\u00e3o no \u00e2mbito de um processo competitivo e agradecendo a confian\u00e7a do Governo.<\/p>\n<p>\u201cO nosso objetivo \u00e9 claro: construir uma opera\u00e7\u00e3o de handling resiliente e preparada para o futuro, que ofere\u00e7a excel\u00eancia, seguran\u00e7a e efici\u00eancia em todos os sete aeroportos. Estamos empenhados num investimento de longo prazo, incluindo infraestruturas, inova\u00e7\u00e3o e, sobretudo, nas pessoas. O desenvolvimento do talento local estar\u00e1 no centro desta parceria, com a cria\u00e7\u00e3o de uma academia de forma\u00e7\u00e3o da Swissport para apoiar compet\u00eancias, carreiras e futuras lideran\u00e7as em Cabo Verde\u201d, sublinhou.<\/p>\n<p>Segundo Christian Zweifel, a parceria visa refor\u00e7ar a posi\u00e7\u00e3o de Cabo Verde como um hub de avia\u00e7\u00e3o em crescimento e um destino-chave para viagens internacionais.<\/p>\n<p>Para o Governo, a assinatura deste contrato representa um momento de elevada relev\u00e2ncia para o setor da avia\u00e7\u00e3o civil nacional, traduzindo uma nova etapa de fortalecimento institucional, moderniza\u00e7\u00e3o e proje\u00e7\u00e3o internacional dos servi\u00e7os aeroportu\u00e1rios de Cabo Verde.<\/p>\n<p>O ato de assinatura foi presidido pelo Vice-Primeiro-Ministro e Ministro das Finan\u00e7as, Olavo Correia, e contou com a presen\u00e7a do Ministro do Turismo e Transportes, Jos\u00e9 Lu\u00eds S\u00e1 Nogueira, do Secret\u00e1rio de Estado das Finan\u00e7as, Alcindo Mota, bem como de representantes da ASA e da SWISSPORT HOLDING SPAIN, S.L., entre outros convidados.<\/p>\n<p>The post <a rel=\"nofollow\" href=\"https:\/\/www.governo.cv\/governo-formaliza-privatizacao-da-cabo-verde-handling-com-a-swissport\/\" target=\"_blank\">Governo formaliza privatiza\u00e7\u00e3o da Cabo Verde Handling com a Swissport<\/a> appeared first on <a rel=\"nofollow\" href=\"https:\/\/www.governo.cv\/\" target=\"_blank\">Government of Cape Verde<\/a>.<\/p>\n<\/div>","protected":false},"excerpt":{"rendered":"<p>O Governo de Cabo Verde assinou nesta ter\u00e7a-feira, 28 de abril, o contrato de compra e venda de 51% das a\u00e7\u00f5es da Cabo Verde Handling, S.A., formalizando a transfer\u00eancia da participa\u00e7\u00e3o detida pela ASA para a Swissport International AG, enquanto compradora e parceiro estrat\u00e9gico. Na ocasi\u00e3o, o Ministro das Finan\u00e7as, Olavo Correia, afirmou que a [&hellip;]<\/p>\n","protected":false},"author":2,"featured_media":0,"comment_status":"closed","ping_status":"closed","sticky":false,"template":"","format":"standard","meta":{"_breakdance_hide_in_design_set":false,"_breakdance_tags":"","footnotes":""},"categories":[263],"tags":[264],"class_list":["post-4486","post","type-post","status-publish","format-standard","hentry","category-noticias","tag-noticias"],"_links":{"self":[{"href":"https:\/\/consultoria.cv\/en\/wp-json\/wp\/v2\/posts\/4486","targetHints":{"allow":["GET"]}}],"collection":[{"href":"https:\/\/consultoria.cv\/en\/wp-json\/wp\/v2\/posts"}],"about":[{"href":"https:\/\/consultoria.cv\/en\/wp-json\/wp\/v2\/types\/post"}],"author":[{"embeddable":true,"href":"https:\/\/consultoria.cv\/en\/wp-json\/wp\/v2\/users\/2"}],"replies":[{"embeddable":true,"href":"https:\/\/consultoria.cv\/en\/wp-json\/wp\/v2\/comments?post=4486"}],"version-history":[{"count":0,"href":"https:\/\/consultoria.cv\/en\/wp-json\/wp\/v2\/posts\/4486\/revisions"}],"wp:attachment":[{"href":"https:\/\/consultoria.cv\/en\/wp-json\/wp\/v2\/media?parent=4486"}],"wp:term":[{"taxonomy":"category","embeddable":true,"href":"https:\/\/consultoria.cv\/en\/wp-json\/wp\/v2\/categories?post=4486"},{"taxonomy":"post_tag","embeddable":true,"href":"https:\/\/consultoria.cv\/en\/wp-json\/wp\/v2\/tags?post=4486"}],"curies":[{"name":"wp","href":"https:\/\/api.w.org\/{rel}","templated":true}]}}