{"id":4484,"date":"2026-05-01T00:03:27","date_gmt":"2026-05-01T01:03:27","guid":{"rendered":"https:\/\/consultoria.cv\/publicacao-do-novo-codigo-do-processo-administrativo-no-boletim-oficial\/"},"modified":"2026-05-01T00:03:27","modified_gmt":"2026-05-01T01:03:27","slug":"publicacao-do-novo-codigo-do-processo-administrativo-no-boletim-oficial","status":"publish","type":"post","link":"https:\/\/consultoria.cv\/en\/publicacao-do-novo-codigo-do-processo-administrativo-no-boletim-oficial\/","title":{"rendered":"Publica\u00e7\u00e3o do Novo C\u00f3digo do Processo Administrativo no Boletim Oficial"},"content":{"rendered":"<div>\n<p>Foi publicado no dia 20 de abril de 2026, atrav\u00e9s do Decreto-Legislativo n.\u00ba 1\/2026, o novo\u00a0C\u00f3digo do Processo Administrativo que entrar\u00e1 em vigor no dia\u00a04 de janeiro de 2027. Este diploma representa a mais profunda reforma da justi\u00e7a administrativa em Cabo Verde desde 1983, substituindo o antigo Decreto-Lei n.\u00ba 14-A\/83, que vigorava h\u00e1 mais de quatro d\u00e9cadas.<\/p>\n<p>O antigo regime, baseado num modelo ultrapassado de mero contencioso de anula\u00e7\u00e3o, j\u00e1 n\u00e3o respondia \u00e0s exig\u00eancias da Constitui\u00e7\u00e3o de 1992 nem aos padr\u00f5es dos Estados de Direito modernos. O novo CPA-CV vem concretizar, de forma clara e ambiciosa, o princ\u00edpio da\u00a0tutela jurisdicional efetiva\u00a0consagrado na al\u00ednea e) do artigo 245.\u00ba da Constitui\u00e7\u00e3o, garantindo aos particulares uma prote\u00e7\u00e3o plena, c\u00e9lere e eficaz face \u00e0 Administra\u00e7\u00e3o P\u00fablica.<\/p>\n<p>Principais Reformas e Ganhos Evidentes:<\/p>\n<p>\u2013 Alargamento da Prote\u00e7\u00e3o dos Particulares e dos Interesses Difusos<\/p>\n<p>\u2013 Refor\u00e7o dos Poderes dos Tribunais e dos Mecanismos de Coer\u00e7\u00e3o<\/p>\n<p>\u2013 Celeridade Processual e Justi\u00e7a em Tempo \u00datil<\/p>\n<p>\u2013 Moderniza\u00e7\u00e3o e Transpar\u00eancia<\/p>\n<p>\u2013 Execu\u00e7\u00e3o contra a Administra\u00e7\u00e3o: Um Marco na Responsabiliza\u00e7\u00e3o<\/p>\n<p>O novo C\u00f3digo do Processo Administrativo \u00e9 um passo decisivo para o aprofundamento da democracia e do Estado de Direito em Cabo Verde. Ao dotar os cidad\u00e3os de instrumentos processuais modernos e eficazes e ao refor\u00e7ar a capacidade dos tribunais para fazer valer as suas decis\u00f5es, o diploma cria um ambiente de maior confian\u00e7a, transpar\u00eancia e responsabilidade na rela\u00e7\u00e3o entre os particulares e o Estado.<\/p>\n<p>Este \u00e9 um ganho inequ\u00edvoco para todos: para o cidad\u00e3o que v\u00ea os seus direitos protegidos, para a Administra\u00e7\u00e3o que passa a dispor de um quadro jur\u00eddico claro e para a justi\u00e7a que se torna mais c\u00e9lere e eficiente.<\/p>\n<p>The post <a rel=\"nofollow\" href=\"https:\/\/www.governo.cv\/publicacao-do-novo-codigo-do-processo-administrativo-no-boletim-oficial\/\" target=\"_blank\">Publica\u00e7\u00e3o do Novo C\u00f3digo do Processo Administrativo no Boletim Oficial<\/a> appeared first on <a rel=\"nofollow\" href=\"https:\/\/www.governo.cv\/\" target=\"_blank\">Government of Cape Verde<\/a>.<\/p>\n<\/div>","protected":false},"excerpt":{"rendered":"<p>Foi publicado no dia 20 de abril de 2026, atrav\u00e9s do Decreto-Legislativo n.\u00ba 1\/2026, o novo\u00a0C\u00f3digo do Processo Administrativo que entrar\u00e1 em vigor no dia\u00a04 de janeiro de 2027. Este diploma representa a mais profunda reforma da justi\u00e7a administrativa em Cabo Verde desde 1983, substituindo o antigo Decreto-Lei n.\u00ba 14-A\/83, que vigorava h\u00e1 mais de [&hellip;]<\/p>\n","protected":false},"author":2,"featured_media":0,"comment_status":"closed","ping_status":"closed","sticky":false,"template":"","format":"standard","meta":{"_breakdance_hide_in_design_set":false,"_breakdance_tags":"","footnotes":""},"categories":[263],"tags":[264],"class_list":["post-4484","post","type-post","status-publish","format-standard","hentry","category-noticias","tag-noticias"],"_links":{"self":[{"href":"https:\/\/consultoria.cv\/en\/wp-json\/wp\/v2\/posts\/4484","targetHints":{"allow":["GET"]}}],"collection":[{"href":"https:\/\/consultoria.cv\/en\/wp-json\/wp\/v2\/posts"}],"about":[{"href":"https:\/\/consultoria.cv\/en\/wp-json\/wp\/v2\/types\/post"}],"author":[{"embeddable":true,"href":"https:\/\/consultoria.cv\/en\/wp-json\/wp\/v2\/users\/2"}],"replies":[{"embeddable":true,"href":"https:\/\/consultoria.cv\/en\/wp-json\/wp\/v2\/comments?post=4484"}],"version-history":[{"count":0,"href":"https:\/\/consultoria.cv\/en\/wp-json\/wp\/v2\/posts\/4484\/revisions"}],"wp:attachment":[{"href":"https:\/\/consultoria.cv\/en\/wp-json\/wp\/v2\/media?parent=4484"}],"wp:term":[{"taxonomy":"category","embeddable":true,"href":"https:\/\/consultoria.cv\/en\/wp-json\/wp\/v2\/categories?post=4484"},{"taxonomy":"post_tag","embeddable":true,"href":"https:\/\/consultoria.cv\/en\/wp-json\/wp\/v2\/tags?post=4484"}],"curies":[{"name":"wp","href":"https:\/\/api.w.org\/{rel}","templated":true}]}}