{"id":4412,"date":"2026-04-26T17:30:00","date_gmt":"2026-04-26T18:30:00","guid":{"rendered":"https:\/\/consultoria.cv\/?p=4412"},"modified":"2026-04-15T19:41:42","modified_gmt":"2026-04-15T20:41:42","slug":"a-zona-franca-de-cabo-verde-beneficios-fiscais-para-empresas-exportadoras","status":"publish","type":"post","link":"https:\/\/consultoria.cv\/en\/a-zona-franca-de-cabo-verde-beneficios-fiscais-para-empresas-exportadoras\/","title":{"rendered":"A Zona Franca de Cabo Verde: Benef\u00edcios Fiscais para Empresas Exportadoras"},"content":{"rendered":"<p>Cabo Verde est\u00e1 a posicionar-se como um dos hubs log\u00edsticos e produtivos mais atrativos da \u00c1frica Ocidental. Para empresas que visam exportar para a Uni\u00e3o Europeia (via regime SPG+), Estados Unidos (via AGOA) ou para os mercados regionais da CEDEAO, o arquip\u00e9lago oferece um instrumento jur\u00eddico poderoso: o regime de <strong>Zona Franca<\/strong> (tamb\u00e9m designado por <strong>Empresa Franca<\/strong>).<\/p>\n\n\n\n<p>Este guia explica detalhadamente como funciona este regime, quais os benef\u00edcios fiscais concretos (incluindo isen\u00e7\u00f5es de 10 anos), os requisitos de elegibilidade, e como pode estruturar o seu investimento para maximizar vantagens competitivas.<\/p>\n\n\n\n<h2 class=\"wp-block-heading\"><strong>O que \u00e9 a Zona Franca ou Empresa Franca em Cabo Verde<\/strong><\/h2>\n\n\n\n<p>O conceito de <strong>Empresa Franca<\/strong> est\u00e1 consagrado no <strong>C\u00f3digo dos Benef\u00edcios Fiscais<\/strong> de Cabo Verde e refere-se a uma entidade produtora de bens e servi\u00e7os destinados <strong><a href=\"https:\/\/www.embassy-capeverde.de\/freezone.PDF\" data-type=\"link\" data-id=\"https:\/\/www.embassy-capeverde.de\/freezone.PDF\" target=\"_blank\" rel=\"noopener noreferrer nofollow\">exclusivamente \u00e0 exporta\u00e7\u00e3o<\/a><\/strong> ou \u00e0 venda a outras empresas francas no territ\u00f3rio nacional .<\/p>\n\n\n\n<p>Diferentemente de uma empresa comum, a Empresa Franca opera sob um regime fiscal privilegiado que suspende ou reduz significativamente a carga tribut\u00e1ria durante um per\u00edodo inicial cr\u00edtico de desenvolvimento do neg\u00f3cio. Este regime aplica-se tanto a empresas instaladas em zonas f\u00edsicas espec\u00edficas (Zonas Econ\u00f3micas Especiais) como a empresas que operam em qualquer parte do territ\u00f3rio nacional, desde que cumpram os requisitos de exporta\u00e7\u00e3o.<\/p>\n\n\n\n<p>A l\u00f3gica \u00e9 simples: o Estado abdica de receitas fiscais a curto prazo para, em troca, estimular a cria\u00e7\u00e3o de emprego qualificado, a transfer\u00eancia de tecnologia, o aumento das exporta\u00e7\u00f5es e o desenvolvimento de setores estrat\u00e9gicos da economia cabo-verdiana.<\/p>\n\n\n\n<h2 class=\"wp-block-heading\"><strong>Base Legal e Marco Regulat\u00f3rio<\/strong><\/h2>\n\n\n\n<p>O regime de Zona Franca assenta em v\u00e1rios instrumentos legais complementares que garantem seguran\u00e7a jur\u00eddica ao investidor:<\/p>\n\n\n\n<p><strong>1. C\u00f3digo dos Benef\u00edcios Fiscais (Lei n.\u00ba 26\/VIII\/2013, com altera\u00e7\u00f5es)<\/strong> Estabelece os benef\u00edcios fiscais para empresas francas, incluindo isen\u00e7\u00e3o de IRC, isen\u00e7\u00e3o de imposto sobre dividendos, e isen\u00e7\u00e3o de imposto do selo.<\/p>\n\n\n\n<p><strong>2. <\/strong><a href=\"https:\/\/faolex.fao.org\/docs\/pdf\/cvi226121.pdf\" data-type=\"link\" data-id=\"https:\/\/faolex.fao.org\/docs\/pdf\/cvi226121.pdf\" target=\"_blank\" rel=\"noopener noreferrer nofollow\"><strong>Decreto-Lei n.\u00ba 86\/2021<\/strong> <\/a>Regula a Zona Industrial de S\u00e3o Vicente (Lazareto), estabelecendo regras espec\u00edficas para operadores instalados nesta zona franca f\u00edsica.<\/p>\n\n\n\n<p><strong>3. <a href=\"https:\/\/faolex.fao.org\/docs\/pdf\/cvi226121.pdf\" data-type=\"link\" data-id=\"https:\/\/faolex.fao.org\/docs\/pdf\/cvi226121.pdf\" target=\"_blank\" rel=\"noopener noreferrer nofollow\">Lei n.\u00ba 11\/X\/2022 (ZEEIM)<\/a><\/strong> Cria a <strong>Zona Econ\u00f3mica Especial da Ilha do Maio<\/strong>, integrando regimes de zona franca, tax-free e lojas francas, com benef\u00edcios fiscais refor\u00e7ados.<\/p>\n\n\n\n<p><strong>4. Lei n.\u00ba 63\/2019 (ZEEMSV)<\/strong> Institui a <strong>Zona Econ\u00f3mica Especial de Economia Mar\u00edtima de S\u00e3o Vicente<\/strong>, com regime fiscal especial para atividades portu\u00e1rias, pescas, aquicultura e log\u00edstica mar\u00edtima.<\/p>\n\n\n\n<h2 class=\"wp-block-heading\"><strong>Benef\u00edcios Fiscais Detalhados: O Pacote Completo<\/strong><\/h2>\n\n\n\n<p>O regime de Empresa Franca oferece um dos pacotes de incentivos fiscais mais generosos da regi\u00e3o:<\/p>\n\n\n\n<h3 class=\"wp-block-heading\"><strong>Isen\u00e7\u00f5es Totais durante 10 Anos<\/strong><\/h3>\n\n\n\n<figure class=\"wp-block-table\"><table class=\"has-fixed-layout\"><thead><tr><th><strong>Imposto<\/strong><\/th><th><strong>Benefits<\/strong><\/th><th><strong>Detalhes<\/strong><\/th><\/tr><\/thead><tbody><tr><td><strong>IRC (Imposto sobre o Rendimento das Pessoas Coletivas)<\/strong><\/td><td>Isen\u00e7\u00e3o total<\/td><td>10 anos desde o in\u00edcio de atividade produtiva&nbsp;<\/td><\/tr><tr><td><strong>Imposto sobre Dividendos<\/strong><\/td><td>Isen\u00e7\u00e3o para acionistas<\/td><td>10 anos para distribui\u00e7\u00e3o de lucros a s\u00f3cios\/accedentes&nbsp;<\/td><\/tr><tr><td><strong>Imposto do Selo<\/strong><\/td><td>Isen\u00e7\u00e3o total<\/td><td>Todas as opera\u00e7\u00f5es sujeitas a imposto do selo&nbsp;<\/td><\/tr><tr><td><strong>IUP (Imposto \u00danico sobre Patrim\u00f3nio)<\/strong><\/td><td>Isen\u00e7\u00e3o<\/td><td>Sobre bens im\u00f3veis afetos \u00e0 atividade&nbsp;<\/td><\/tr><\/tbody><\/table><\/figure>\n\n\n\n<h3 class=\"wp-block-heading\"><strong>Ap\u00f3s o Per\u00edodo de Isen\u00e7\u00e3o (Ano 11 em diante)<\/strong><\/h3>\n\n\n\n<p>Ap\u00f3s os primeiros 10 anos de isen\u00e7\u00e3o total, a tributa\u00e7\u00e3o n\u00e3o pode exceder <strong><a href=\"https:\/\/www.embassy-capeverde.de\/freezone.PDF\" data-type=\"link\" data-id=\"https:\/\/www.embassy-capeverde.de\/freezone.PDF\" target=\"_blank\" rel=\"noopener noreferrer nofollow\">15% do lucro l\u00edquido<\/a><\/strong> . Esta taxa permanece significativamente inferior \u00e0 taxa geral de IRC (21%), garantindo competitividade fiscal permanente.<\/p>\n\n\n\n<h3 class=\"wp-block-heading\"><strong>Benef\u00edcios Aduaneiros (Isen\u00e7\u00e3o Total)<\/strong><\/h3>\n\n\n\n<p>As empresas francas gozam de isen\u00e7\u00e3o completa de direitos aduaneiros na importa\u00e7\u00e3o de :<\/p>\n\n\n\n<ul class=\"wp-block-list\">\n<li><strong>Materiais de constru\u00e7\u00e3o:<\/strong> A\u00e7o, cimento, madeira, e outros materiais para edifica\u00e7\u00e3o ou expans\u00e3o de instala\u00e7\u00f5es f\u00edsicas<\/li>\n\n\n\n<li><strong>M\u00e1quinas, equipamentos e ferramentas:<\/strong> Bens de capital novos e modernos, incluindo acess\u00f3rios e pe\u00e7as de manuten\u00e7\u00e3o<\/li>\n\n\n\n<li><strong>Equipamentos de transporte:<\/strong> Ve\u00edculos e meios de transporte de mercadorias exclusivos para uso da empresa franca<\/li>\n\n\n\n<li><strong>Combust\u00edveis e \u00f3leos:<\/strong> Para gera\u00e7\u00e3o de energia e produ\u00e7\u00e3o de \u00e1gua dessalinizada (excluindo g\u00e1s)<\/li>\n\n\n\n<li><strong>Mat\u00e9rias-primas e produtos semi-acabados:<\/strong> Destinados exclusivamente \u00e0 incorpora\u00e7\u00e3o na produ\u00e7\u00e3o de bens de exporta\u00e7\u00e3o<\/li>\n<\/ul>\n\n\n\n<p><strong>Vantagem cr\u00edtica:<\/strong> A exporta\u00e7\u00e3o de bens produzidos pela empresa franca ou a reexporta\u00e7\u00e3o de mercadorias importadas pode ser efetuada <strong><a href=\"https:\/\/www.embassy-capeverde.de\/freezone.PDF\" data-type=\"link\" data-id=\"https:\/\/www.embassy-capeverde.de\/freezone.PDF\" target=\"_blank\" rel=\"noopener noreferrer nofollow\">sem pagamento de quaisquer direitos aduaneiros<\/a><\/strong> .<\/p>\n\n\n\n<h2 class=\"wp-block-heading\"><strong>Zonas Econ\u00f3micas Especiais: O Pr\u00f3ximo N\u00edvel de Benef\u00edcios<\/strong><\/h2>\n\n\n\n<p>Al\u00e9m do regime geral de Empresa Franca, Cabo Verde desenvolveu Zonas Econ\u00f3micas Especiais (ZEE) com regimes ainda mais favor\u00e1veis para investimentos espec\u00edficos:<\/p>\n\n\n\n<h3 class=\"wp-block-heading\"><strong>ZEEIM (Zona Econ\u00f3mica Especial da Ilha do Maio)<\/strong><\/h3>\n\n\n\n<p>Criada em 2022, destina-se a transformar Maio num <a href=\"https:\/\/www.maiocapeverde.com\/latest\/maio-cape-verde-creates-economic-tourism-zone.html\" data-type=\"link\" data-id=\"https:\/\/www.maiocapeverde.com\/latest\/maio-cape-verde-creates-economic-tourism-zone.html\" target=\"_blank\" rel=\"noopener noreferrer nofollow\">Hub Tur\u00edstico, Residencial e de Neg\u00f3cios para \u00c1frica<\/a>:<\/p>\n\n\n\n<ul class=\"wp-block-list\">\n<li><strong><a href=\"https:\/\/faolex.fao.org\/docs\/pdf\/cvi210089.pdf\" data-type=\"link\" data-id=\"https:\/\/faolex.fao.org\/docs\/pdf\/cvi210089.pdf\" target=\"_blank\" rel=\"noopener noreferrer nofollow\">Taxa de IRC reduzida:<\/a><\/strong> 2,5% (empresas com mais de 50 trabalhadores), 3,5% (20 trabalhadores), ou 5% (10 trabalhadores)<\/li>\n\n\n\n<li><strong>Isen\u00e7\u00e3o de imposto sobre rendimento<\/strong> para n\u00e3o residentes que participem no capital social (sobre lucros, juros e suprimentos)<\/li>\n\n\n\n<li><strong>Isen\u00e7\u00e3o de imposto sobre o patrim\u00f3nio (IUP)<\/strong> na aquisi\u00e7\u00e3o e manuten\u00e7\u00e3o de im\u00f3veis<\/li>\n\n\n\n<li><strong>Isen\u00e7\u00e3o de impostos de consumo (IVA e ICE)<\/strong> na aquisi\u00e7\u00e3o de bens para uso nas lojas francas e zonas tax-free<\/li>\n\n\n\n<li><strong>Balc\u00e3o \u00danico do Investidor:<\/strong> Centraliza\u00e7\u00e3o de todos os procedimentos (registo, fiscal, aduaneiro, ambiental) num \u00fanico ponto<\/li>\n<\/ul>\n\n\n\n<h3 class=\"wp-block-heading\"><strong>ZEEMSV (Zona Econ\u00f3mica Especial de Economia Mar\u00edtima de S\u00e3o Vicente)<\/strong><\/h3>\n\n\n\n<p>Com um or\u00e7amento global de <strong>2 mil milh\u00f5es de d\u00f3lares<\/strong> e prazo de 15 anos, foca-se em atividades mar\u00edtimas:<\/p>\n\n\n\n<ul class=\"wp-block-list\">\n<li>Desenvolvimento portu\u00e1rio e log\u00edstica<\/li>\n\n\n\n<li>Pescas e aquicultura industrial<\/li>\n\n\n\n<li>Repara\u00e7\u00e3o e constru\u00e7\u00e3o naval<\/li>\n\n\n\n<li>Energias renov\u00e1veis offshore<\/li>\n<\/ul>\n\n\n\n<p><strong>Benef\u00edcios espec\u00edficos:<\/strong><\/p>\n\n\n\n<ul class=\"wp-block-list\">\n<li>IRC reduzido conforme volume de investimento<\/li>\n\n\n\n<li>Isen\u00e7\u00e3o de direitos aduaneiros sobre equipamentos<\/li>\n\n\n\n<li>Possibilidade de arbitragem internacional para resolu\u00e7\u00e3o de conflitos (ICSID)<\/li>\n<\/ul>\n\n\n\n<h3 class=\"wp-block-heading\"><strong>International Business Centre (IBC)<\/strong><\/h3>\n\n\n\n<p>Para empresas de servi\u00e7os export\u00e1veis (n\u00e3o industriais), o IBC oferece:<\/p>\n\n\n\n<ul class=\"wp-block-list\">\n<li>IRC reduzido: 2,5% a 5% (conforme emprego criado)<\/li>\n\n\n\n<li>Isen\u00e7\u00e3o de impostos sobre dividendos e juros<\/li>\n\n\n\n<li>Isen\u00e7\u00e3o de direitos aduaneiros sobre equipamentos<\/li>\n\n\n\n<li>V\u00e1lido at\u00e9 2030<\/li>\n<\/ul>\n\n\n\n<h2 class=\"wp-block-heading\"><strong>Requisitos para Obter o Estatuto de Empresa Franca<\/strong><\/h2>\n\n\n\n<h3 class=\"wp-block-heading\"><strong>Crit\u00e9rios de Elegibilidade Essenciais<\/strong><\/h3>\n\n\n\n<p>Para aceder ao regime de Empresa Franca, a entidade deve cumprir cumulativamente :<\/p>\n\n\n\n<ol start=\"1\" class=\"wp-block-list\">\n<li><strong>Voca\u00e7\u00e3o exportadora:<\/strong> Ser exclusivamente destinada \u00e0 produ\u00e7\u00e3o de bens e servi\u00e7os para exporta\u00e7\u00e3o ou venda a outras empresas francas<\/li>\n\n\n\n<li><strong>Investimento m\u00ednimo:<\/strong> Realizar investimento direto ou aquisi\u00e7\u00e3o superior a <strong>50% do valor avaliado<\/strong> do estabelecimento<\/li>\n\n\n\n<li><strong>Constitui\u00e7\u00e3o legal:<\/strong> Estar constitu\u00edda como sociedade comercial (Lda., SA), empresa individual de responsabilidade limitada ou sucursal de empresa estrangeira<\/li>\n<\/ol>\n\n\n\n<h3 class=\"wp-block-heading\"><strong>Processo de Candidatura (Balc\u00e3o \u00danico)<\/strong><\/h3>\n\n\n\n<p><strong>Fase 1: Pr\u00e9-Aprova\u00e7\u00e3o<\/strong><\/p>\n\n\n\n<ul class=\"wp-block-list\">\n<li>Apresenta\u00e7\u00e3o de projeto de investimento \u00e0 FIC SA (Ag\u00eancia de Promo\u00e7\u00e3o de Investimentos) ou \u00e0 Autoridade da ZEE respectiva<\/li>\n\n\n\n<li>An\u00e1lise de viabilidade econ\u00f3mica, impacto social (emprego, tecnologia, exporta\u00e7\u00f5es) e sustentabilidade ambiental<\/li>\n<\/ul>\n\n\n\n<p><strong>Fase 2: Submiss\u00e3o de Documenta\u00e7\u00e3o<\/strong><\/p>\n\n\n\n<ul class=\"wp-block-list\">\n<li>Certid\u00e3o de registo comercial atualizada<\/li>\n\n\n\n<li>Estatutos da empresa comprovando objeto social adequado<\/li>\n\n\n\n<li>Plano de neg\u00f3cios detalhado (volumes de exporta\u00e7\u00e3o previstos, mercados destino, cronograma de investimentos, cria\u00e7\u00e3o de emprego)<\/li>\n\n\n\n<li>Comprovativo de investimento (transfer\u00eancias banc\u00e1rias, contratos de aquisi\u00e7\u00e3o, or\u00e7amentos)<\/li>\n<\/ul>\n\n\n\n<p><strong>Fase 3: Decis\u00e3o Administrativa<\/strong><\/p>\n\n\n\n<ul class=\"wp-block-list\">\n<li>O Ministro respons\u00e1vel pela \u00e1rea econ\u00f3mica (ou Autoridade da ZEE) decide no prazo legal definido<\/li>\n\n\n\n<li>Emiss\u00e3o do <strong>Certificado de Empresa Franca<\/strong> (modelo oficial previsto em anexo \u00e0 lei)<\/li>\n<\/ul>\n\n\n\n<p><strong>Fase 4: Comunica\u00e7\u00e3o a Entidades<\/strong><\/p>\n\n\n\n<ul class=\"wp-block-list\">\n<li>C\u00f3pias do certificado s\u00e3o enviadas obrigatoriamente para:\n<ul class=\"wp-block-list\">\n<li>Dire\u00e7\u00e3o Geral de Alf\u00e2ndegas<\/li>\n\n\n\n<li>Dire\u00e7\u00e3o Geral de Contribui\u00e7\u00f5es e Impostos (DGCI)<\/li>\n\n\n\n<li>Bank of Cape Verde<\/li>\n\n\n\n<li>Dire\u00e7\u00e3o Geral do setor de atividade espec\u00edfico<\/li>\n\n\n\n<li>General Directorate of Labour<\/li>\n<\/ul>\n<\/li>\n<\/ul>\n\n\n\n<h2 class=\"wp-block-heading\"><strong>Comparativo: Zona Franca vs. Regime Geral de Tributa\u00e7\u00e3o<\/strong><\/h2>\n\n\n\n<figure class=\"wp-block-table\"><table class=\"has-fixed-layout\"><thead><tr><th><strong>Par\u00e2metro<\/strong><\/th><th><strong>Empresa Franca \/ Zona Franca<\/strong><\/th><th><strong>Regime Geral<\/strong><\/th><\/tr><\/thead><tbody><tr><td><strong>IRC<\/strong><\/td><td>Isento (10 anos), depois m\u00e1ximo 15%<\/td><td>21% (taxa geral)&nbsp;<\/td><\/tr><tr><td><strong>Dividendos<\/strong><\/td><td>Isentos para acionistas (10 anos)<\/td><td>10% reten\u00e7\u00e3o na fonte&nbsp;<\/td><\/tr><tr><td><strong>Direitos aduaneiros (bens de capital)<\/strong><\/td><td>Isen\u00e7\u00e3o total<\/td><td>0% a 50% conforme pauta aduaneira&nbsp;<\/td><\/tr><tr><td><strong>Imposto do Selo<\/strong><\/td><td>Isen\u00e7\u00e3o total<\/td><td>Aplic\u00e1vel conforme opera\u00e7\u00e3o<\/td><\/tr><tr><td><strong>IVA<\/strong><\/td><td>Reembolso acelerado ou isen\u00e7\u00e3o<\/td><td>15% taxa geral&nbsp;<\/td><\/tr><tr><td><strong>Acesso a mercados preferenciais<\/strong><\/td><td>SPG+ (UE), AGOA (EUA), CEDEAO<\/td><td>Mesmo acesso, mas sem vantagens fiscais internas<\/td><\/tr><tr><td><strong>Cria\u00e7\u00e3o de emprego<\/strong><\/td><td>Incentivos fiscais adicionais por posto de trabalho<\/td><td>Not applicable<\/td><\/tr><\/tbody><\/table><\/figure>\n\n\n\n<h2 class=\"wp-block-heading\"><strong>Casos Pr\u00e1ticos: Quem Pode Beneficiar?<\/strong><\/h2>\n\n\n\n<h3 class=\"wp-block-heading\"><strong>Ind\u00fastria Transformadora para Exporta\u00e7\u00e3o<\/strong><\/h3>\n\n\n\n<ul class=\"wp-block-list\">\n<li>F\u00e1bricas de processamento de produtos agr\u00edcolas (conservas, sumos naturais) destinados \u00e0 exporta\u00e7\u00e3o para a UE<\/li>\n\n\n\n<li>Unidades de montagem de equipamentos electr\u00f3nicos aproveitando a isen\u00e7\u00e3o de direitos sobre componentes importados<\/li>\n\n\n\n<li>Ind\u00fastria t\u00eaxtil e de cal\u00e7ado beneficiando do acesso preferencial ao mercado europeu via regime SPG+<\/li>\n<\/ul>\n\n\n\n<h3 class=\"wp-block-heading\"><strong>Servi\u00e7os Export\u00e1veis (IBC)<\/strong><\/h3>\n\n\n\n<ul class=\"wp-block-list\">\n<li>Centros de contacto (call centers) atendendo clientes internacionais<\/li>\n\n\n\n<li>Empresas de software e desenvolvimento de aplica\u00e7\u00f5es (IT outsourcing)<\/li>\n\n\n\n<li>Prestadores de servi\u00e7os de consultoria internacional<\/li>\n\n\n\n<li>Empresas de servi\u00e7os mar\u00edtimos e log\u00edstica internacional<\/li>\n<\/ul>\n\n\n\n<h3 class=\"wp-block-heading\"><strong>Economia do Mar (ZEEMSV)<\/strong><\/h3>\n\n\n\n<ul class=\"wp-block-list\">\n<li>Unidades de processamento de pescado (filetagem, congelamento) para exporta\u00e7\u00e3o<\/li>\n\n\n\n<li>Estaleiros de repara\u00e7\u00e3o naval para embarca\u00e7\u00f5es internacionais<\/li>\n\n\n\n<li>Plataformas de log\u00edstica portu\u00e1ria e transbordo<\/li>\n<\/ul>\n\n\n\n<h2 class=\"wp-block-heading\"><strong>Como a S&amp;D Consultoria Facilita o Acesso \u00e0 Zona Franca<\/strong><\/h2>\n\n\n\n<p>A constitui\u00e7\u00e3o e gest\u00e3o de uma Empresa Franca envolve complexidade jur\u00eddica, fiscal e procedimental significativa. A <strong>S&amp;D Consultancy<\/strong> oferece um servi\u00e7o integrado &#8220;chave na m\u00e3o&#8221;:<\/p>\n\n\n\n<p><strong>1. Estrutura\u00e7\u00e3o do Projeto e An\u00e1lise de Viabilidade<\/strong><\/p>\n\n\n\n<ul class=\"wp-block-list\">\n<li>Avalia\u00e7\u00e3o da elegibilidade do projeto para o regime de Empresa Franca ou ZEE<\/li>\n\n\n\n<li>Recomenda\u00e7\u00e3o da melhor estrutura societ\u00e1ria (Lda., SA, sucursal) e localiza\u00e7\u00e3o (ZEEIM, ZEEMSV, regime geral)<\/li>\n\n\n\n<li>Planeamento fiscal estrat\u00e9gico para maximiza\u00e7\u00e3o de benef\u00edcios<\/li>\n<\/ul>\n\n\n\n<p><strong>2. Processo de Licenciamento e Constitui\u00e7\u00e3o<\/strong><\/p>\n\n\n\n<ul class=\"wp-block-list\">\n<li>Elabora\u00e7\u00e3o do plano de neg\u00f3cios e documenta\u00e7\u00e3o de candidatura \u00e0s autoridades competentes<\/li>\n\n\n\n<li>Constitui\u00e7\u00e3o da empresa (ou sucursal) via Casa do Cidad\u00e3o ou Conservat\u00f3ria do Registo Comercial (atrav\u00e9s do parceiro legal)<\/li>\n\n\n\n<li>Obten\u00e7\u00e3o de NIF e registo aduaneiro espec\u00edfico para empresas francas (atrav\u00e9s do parceiro legal)<\/li>\n\n\n\n<li>Acompanhamento da tramita\u00e7\u00e3o junto da FIC SA ou Autoridades das ZEE<\/li>\n<\/ul>\n\n\n\n<p><strong>3. Implementa\u00e7\u00e3o Operacional e Compliance<\/strong><\/p>\n\n\n\n<ul class=\"wp-block-list\">\n<li>Abertura de conta banc\u00e1ria empresarial<\/li>\n\n\n\n<li>Contrata\u00e7\u00e3o de pessoal e cumprimento de quotas de emprego local (quando exigido)<\/li>\n\n\n\n<li>Implementa\u00e7\u00e3o de sistemas de contabilidade de custos para segrega\u00e7\u00e3o de atividades de exporta\u00e7\u00e3o<\/li>\n\n\n\n<li>Gest\u00e3o das importa\u00e7\u00f5es de bens de capital com isen\u00e7\u00e3o aduaneira<\/li>\n<\/ul>\n\n\n\n<p><strong>4. Gest\u00e3o Contabil\u00edstica e Fiscal Cont\u00ednua<\/strong><\/p>\n\n\n\n<ul class=\"wp-block-list\">\n<li>Elabora\u00e7\u00e3o e submiss\u00e3o de declara\u00e7\u00f5es fiscais no regime de isen\u00e7\u00e3o (IRC)<\/li>\n\n\n\n<li>Relat\u00f3rios peri\u00f3dicos exigidos pelas autoridades de supervis\u00e3o das ZEE<\/li>\n\n\n\n<li>Auditoria interna e prepara\u00e7\u00e3o para auditorias fiscais<\/li>\n\n\n\n<li>Planeamento da transi\u00e7\u00e3o fiscal para o per\u00edodo p\u00f3s-isen\u00e7\u00e3o (ano 11)<\/li>\n<\/ul>\n\n\n\n<h2 class=\"wp-block-heading\"><strong>A Zona Franca como Plataforma de Internacionaliza\u00e7\u00e3o<\/strong><\/h2>\n\n\n\n<p>Cabo Verde oferece uma plataforma \u00fanica para empresas exportadoras, combinando vantagens geogr\u00e1ficas (localiza\u00e7\u00e3o estrat\u00e9gica no Atl\u00e2ntico), acesso preferencial a mercados consumidores (UE via SPG+, EUA via AGOA, \u00c1frica Ocidental via CEDEAO) e um quadro fiscal extremamente competitivo atrav\u00e9s do regime de Zona Franca.<\/p>\n\n\n\n<p>Os benef\u00edcios fiscais (isen\u00e7\u00e3o de IRC por 10 anos, isen\u00e7\u00e3o total de direitos aduaneiros sobre equipamentos, isen\u00e7\u00e3o de imposto sobre dividendos) transformam o arquip\u00e9lago numa base de opera\u00e7\u00f5es rent\u00e1vel para empresas que produzem para exporta\u00e7\u00e3o. As Zonas Econ\u00f3micas Especiais (Maio e S\u00e3o Vicente) acrescentam infraestruturas dedicadas e regimes de Balc\u00e3o \u00danico que simplificam a burocracia.<\/p>\n\n\n\n<blockquote class=\"wp-block-quote is-layout-flow wp-block-quote-is-layout-flow\">\n<p><strong>A S&amp;D Consultoria acompanha investidores desde a concep\u00e7\u00e3o do projeto at\u00e9 \u00e0 plena operacionaliza\u00e7\u00e3o na Zona Franca, assegurando que todos os benef\u00edcios fiscais e aduaneiros s\u00e3o maximizados e que o cumprimento das obriga\u00e7\u00f5es legais \u00e9 total. Transforme o potencial exportador de Cabo Verde na sua vantagem competitiva.<\/strong><\/p>\n<\/blockquote>\n\n\n\n<p><strong><a target=\"_blank\" href=\"https:\/\/consultoria.cv\/en\/contacto\/\" rel=\"noreferrer noopener\">Solicite estudo de viabilidade para Zona Franca \u2192<\/a><\/strong><\/p>\n\n\n\n<hr class=\"wp-block-separator has-alpha-channel-opacity\"\/>\n\n\n\n<p><strong>Fontes e Documenta\u00e7\u00e3o Oficial:<\/strong><\/p>\n\n\n\n<p><a href=\"https:\/\/taxsummaries.pwc.com\/cabo-verde\/corporate\/tax-credits-and-incentives\" target=\"_blank\" rel=\"noreferrer noopener\">PwC Tax Summaries &#8211; Cabo Verde<\/a><\/p>\n\n\n\n<p><a href=\"https:\/\/files01.core.ac.uk\/download\/38681577.pdf\" target=\"_blank\" rel=\"noreferrer noopener\">C\u00f3digo dos Benef\u00edcios Fiscais de Cabo Verde (Lei n.\u00ba 26\/VIII\/2013)<\/a><\/p>\n\n\n\n<p><a href=\"https:\/\/faolex.fao.org\/docs\/pdf\/cvi226121.pdf\" target=\"_blank\" rel=\"noreferrer noopener\">Decreto-Lei n.\u00ba 86\/2021 &#8211; Zona Industrial de Lazareto<\/a><\/p>\n\n\n\n<p><a href=\"https:\/\/faolex.fao.org\/docs\/pdf\/cvi210089.pdf\" target=\"_blank\" rel=\"noreferrer noopener\">Lei n.\u00ba 11\/X\/2022 &#8211; ZEEIM<\/a><\/p>\n\n\n\n<p><a href=\"https:\/\/faolex.fao.org\/docs\/pdf\/cvi196016.pdf\" target=\"_blank\" rel=\"noreferrer noopener\">Lei n.\u00ba 63\/2019 &#8211; ZEEMSV<\/a><\/p>\n\n\n\n<p><a href=\"https:\/\/cvtradeinvest.cv\/assets\/files\/Manual-Acesso-Mercados-CV-Port-2017.cleaned.pdf\" target=\"_blank\" rel=\"noreferrer noopener\">Manual de Acesso a Mercados &#8211; Cabo Verde TradeInvest<\/a><\/p>","protected":false},"excerpt":{"rendered":"<p>Cabo Verde est\u00e1 a posicionar-se como um dos hubs log\u00edsticos e produtivos mais atrativos da \u00c1frica Ocidental. Para empresas que visam exportar para a Uni\u00e3o Europeia (via regime SPG+), Estados Unidos (via AGOA) ou para os mercados regionais da CEDEAO, o arquip\u00e9lago oferece um instrumento jur\u00eddico poderoso: o regime de Zona Franca (tamb\u00e9m designado por [&hellip;]<\/p>\n","protected":false},"author":2,"featured_media":4463,"comment_status":"closed","ping_status":"open","sticky":false,"template":"","format":"standard","meta":{"_breakdance_hide_in_design_set":false,"_breakdance_tags":"","footnotes":""},"categories":[1],"tags":[],"class_list":["post-4412","post","type-post","status-publish","format-standard","has-post-thumbnail","hentry","category-blog"],"_links":{"self":[{"href":"https:\/\/consultoria.cv\/en\/wp-json\/wp\/v2\/posts\/4412","targetHints":{"allow":["GET"]}}],"collection":[{"href":"https:\/\/consultoria.cv\/en\/wp-json\/wp\/v2\/posts"}],"about":[{"href":"https:\/\/consultoria.cv\/en\/wp-json\/wp\/v2\/types\/post"}],"author":[{"embeddable":true,"href":"https:\/\/consultoria.cv\/en\/wp-json\/wp\/v2\/users\/2"}],"replies":[{"embeddable":true,"href":"https:\/\/consultoria.cv\/en\/wp-json\/wp\/v2\/comments?post=4412"}],"version-history":[{"count":3,"href":"https:\/\/consultoria.cv\/en\/wp-json\/wp\/v2\/posts\/4412\/revisions"}],"predecessor-version":[{"id":4464,"href":"https:\/\/consultoria.cv\/en\/wp-json\/wp\/v2\/posts\/4412\/revisions\/4464"}],"wp:featuredmedia":[{"embeddable":true,"href":"https:\/\/consultoria.cv\/en\/wp-json\/wp\/v2\/media\/4463"}],"wp:attachment":[{"href":"https:\/\/consultoria.cv\/en\/wp-json\/wp\/v2\/media?parent=4412"}],"wp:term":[{"taxonomy":"category","embeddable":true,"href":"https:\/\/consultoria.cv\/en\/wp-json\/wp\/v2\/categories?post=4412"},{"taxonomy":"post_tag","embeddable":true,"href":"https:\/\/consultoria.cv\/en\/wp-json\/wp\/v2\/tags?post=4412"}],"curies":[{"name":"wp","href":"https:\/\/api.w.org\/{rel}","templated":true}]}}