{"id":4341,"date":"2026-04-01T00:05:13","date_gmt":"2026-04-01T01:05:13","guid":{"rendered":"https:\/\/consultoria.cv\/governo-duplica-capacidade-de-energia-renovavel-e-reforca-abastecimento-de-agua-em-monte-trigo-com-investimento-de-80-milhoes-de-escudos\/"},"modified":"2026-04-01T00:05:13","modified_gmt":"2026-04-01T01:05:13","slug":"governo-duplica-capacidade-de-energia-renovavel-e-reforca-abastecimento-de-agua-em-monte-trigo-com-investimento-de-80-milhoes-de-escudos","status":"publish","type":"post","link":"https:\/\/consultoria.cv\/en\/governo-duplica-capacidade-de-energia-renovavel-e-reforca-abastecimento-de-agua-em-monte-trigo-com-investimento-de-80-milhoes-de-escudos\/","title":{"rendered":"Governo duplica capacidade de energia renov\u00e1vel e refor\u00e7a abastecimento de \u00e1gua em Monte Trigo com investimento de 80 milh\u00f5es de escudos"},"content":{"rendered":"<div>\n<p>A localidade de Monte Trigo, no munic\u00edpio do Porto Novo, em S. Ant\u00e3o, vai beneficiar de um importante refor\u00e7o nas \u00e1reas de energia e \u00e1gua, no \u00e2mbito de uma parceria p\u00fablico-privada apoiada pelo Governo.<\/p>\n<p>A comunidade piscat\u00f3ria, com cerca de 275 habitantes, foi pioneira no pa\u00eds ao dispor de eletricidade 100% renov\u00e1vel, atrav\u00e9s de uma central fotovoltaica inicialmente instalada com capacidade de 40 kW, que agora ser\u00e1 ampliada para responder \u00e0 crescente procura energ\u00e9tica.<\/p>\n<p>A interven\u00e7\u00e3o, iniciada em 2024, no quadro do Programa de Valoriza\u00e7\u00e3o Tur\u00edstica e Ambiental das Aldeias Rurais, visando garantir os servi\u00e7os b\u00e1sicos de \u00e1gua e energia foi estabelecida uma parceria p\u00fablico-privada entre o Governo de Cabo Verde, atrav\u00e9s o Minist\u00e9rio da Ind\u00fastria, Com\u00e9rcio e Energia, Fundo do Turismo, Projeto Nexos \u2013 Energia e \u00c1gua (GEF-UNIDO), a Coopera\u00e7\u00e3o luxemburguesa e a empresa \u00c1guas de Ponta Preta, em parceria com a C\u00e2mara Municipal do Porto Novo.<\/p>\n<p>Esta colabora\u00e7\u00e3o permitiu duplicar a capacidade da central fotovoltaica para uma capacidade de 100 kWh e instalar uma unidade de dessaliniza\u00e7\u00e3o com capacidade de produ\u00e7\u00e3o de 25 metros c\u00fabicos de \u00e1gua por dia, representando um investimento global na ordem dos 80 milh\u00f5es de escudos.<\/p>\n<p>Devido \u00e0s caracter\u00edsticas geogr\u00e1ficas da localidade e \u00e0 complexidade dos equipamentos, nomeadamente baterias e sistemas de dessaliniza\u00e7\u00e3o, foi necess\u00e1rio recorrer a uma opera\u00e7\u00e3o log\u00edstica especial, com transporte por helic\u00f3ptero para a entrega dos materiais. Os equipamentos j\u00e1 se encontram no terreno, estando prevista para os pr\u00f3ximos dias a continua\u00e7\u00e3o dos trabalhos de montagem.<\/p>\n<p>Com a conclus\u00e3o do projeto, Monte Trigo passar\u00e1 a dispor de energia limpa 24 horas por dia, bem como da \u00e1gua pot\u00e1vel regular, melhorando significativamente as condi\u00e7\u00f5es de vida da popula\u00e7\u00e3o e promovendo o desenvolvimento sustent\u00e1vel da comunidade.<\/p>\n<p>No \u00e2mbito do acompanhamento das obras, o Ministro da Ind\u00fastria, Com\u00e9rcio e Energia, Alexandre Monteiro, juntamente com o Ministro do Mar, Jorge Santos, realizaram, sexta-feira, 28 de mar\u00e7o, uma visita \u00e0 localidade para se inteirar do andamento do projeto.<\/p>\n<p>The post <a rel=\"nofollow\" href=\"https:\/\/www.governo.cv\/governo-duplica-capacidade-de-energia-renovavel-e-reforca-abastecimento-de-agua-em-monte-trigo-com-investimento-de-80-milhoes-de-escudos\/\" target=\"_blank\">Governo duplica capacidade de energia renov\u00e1vel e refor\u00e7a abastecimento de \u00e1gua em Monte Trigo com investimento de 80 milh\u00f5es de escudos<\/a> appeared first on <a rel=\"nofollow\" href=\"https:\/\/www.governo.cv\/\" target=\"_blank\">Government of Cape Verde<\/a>.<\/p>\n<\/div>","protected":false},"excerpt":{"rendered":"<p>A localidade de Monte Trigo, no munic\u00edpio do Porto Novo, em S. Ant\u00e3o, vai beneficiar de um importante refor\u00e7o nas \u00e1reas de energia e \u00e1gua, no \u00e2mbito de uma parceria p\u00fablico-privada apoiada pelo Governo. A comunidade piscat\u00f3ria, com cerca de 275 habitantes, foi pioneira no pa\u00eds ao dispor de eletricidade 100% renov\u00e1vel, atrav\u00e9s de uma [&hellip;]<\/p>\n","protected":false},"author":2,"featured_media":0,"comment_status":"closed","ping_status":"closed","sticky":false,"template":"","format":"standard","meta":{"_breakdance_hide_in_design_set":false,"_breakdance_tags":"","footnotes":""},"categories":[263],"tags":[264],"class_list":["post-4341","post","type-post","status-publish","format-standard","hentry","category-noticias","tag-noticias"],"_links":{"self":[{"href":"https:\/\/consultoria.cv\/en\/wp-json\/wp\/v2\/posts\/4341","targetHints":{"allow":["GET"]}}],"collection":[{"href":"https:\/\/consultoria.cv\/en\/wp-json\/wp\/v2\/posts"}],"about":[{"href":"https:\/\/consultoria.cv\/en\/wp-json\/wp\/v2\/types\/post"}],"author":[{"embeddable":true,"href":"https:\/\/consultoria.cv\/en\/wp-json\/wp\/v2\/users\/2"}],"replies":[{"embeddable":true,"href":"https:\/\/consultoria.cv\/en\/wp-json\/wp\/v2\/comments?post=4341"}],"version-history":[{"count":0,"href":"https:\/\/consultoria.cv\/en\/wp-json\/wp\/v2\/posts\/4341\/revisions"}],"wp:attachment":[{"href":"https:\/\/consultoria.cv\/en\/wp-json\/wp\/v2\/media?parent=4341"}],"wp:term":[{"taxonomy":"category","embeddable":true,"href":"https:\/\/consultoria.cv\/en\/wp-json\/wp\/v2\/categories?post=4341"},{"taxonomy":"post_tag","embeddable":true,"href":"https:\/\/consultoria.cv\/en\/wp-json\/wp\/v2\/tags?post=4341"}],"curies":[{"name":"wp","href":"https:\/\/api.w.org\/{rel}","templated":true}]}}