{"id":3859,"date":"2026-02-01T00:03:53","date_gmt":"2026-02-01T01:03:53","guid":{"rendered":"https:\/\/consultoria.cv\/ministra-da-justica-reune-se-com-o-conselho-diretivo-do-centro-de-estudos-juridicos-e-judiciarios\/"},"modified":"2026-02-01T00:03:53","modified_gmt":"2026-02-01T01:03:53","slug":"ministra-da-justica-reune-se-com-o-conselho-diretivo-do-centro-de-estudos-juridicos-e-judiciarios","status":"publish","type":"post","link":"https:\/\/consultoria.cv\/en\/ministra-da-justica-reune-se-com-o-conselho-diretivo-do-centro-de-estudos-juridicos-e-judiciarios\/","title":{"rendered":"Ministra da Justi\u00e7a re\u00fane-se com o Conselho Diretivo do Centro de Estudos Jur\u00eddicos e Judici\u00e1rios"},"content":{"rendered":"<div>\n<p>A Ministra da Justi\u00e7a, Joana Rosa, reuniu-se, nesta sexta-feira, 29 de janeiro, pela primeira vez com a rec\u00e9m-empossada equipa que integra o Conselho Diretivo do Centro de Estudos Jur\u00eddicos e Judici\u00e1rios (CEJJ), num encontro que serviu para definir as linhas de orienta\u00e7\u00e3o e programar as atividades a serem desenvolvidas nesta fase de instala\u00e7\u00e3o do CEJJ e estabelecer as bases para o seu funcionamento e consolida\u00e7\u00e3o institucional.<\/p>\n<p>Na ocasi\u00e3o, Joana Rosa reafirmou a determina\u00e7\u00e3o do Minist\u00e9rio da Justi\u00e7a em dotar o Centro de todas as condi\u00e7\u00f5es necess\u00e1rias ao cumprimento da sua miss\u00e3o, com vista \u00e0 qualifica\u00e7\u00e3o e especializa\u00e7\u00e3o dos magistrados e dos demais operadores judici\u00e1rios, sublinhando que a qualidade da justi\u00e7a come\u00e7a \u2013 e depende, em grande medida \u2013 da qualidade dos profissionais que a asseguram diariamente.<\/p>\n<p>Recorde-se que o Conselho Diretivo e o Conselho Geral do CEJJ tomaram posse quinta-feira, no Pal\u00e1cio do Tribunal, no Plateau, Praia.<\/p>\n<p>O Conselho Diretivo \u00e9 o \u00f3rg\u00e3o respons\u00e1vel pela defini\u00e7\u00e3o da atua\u00e7\u00e3o do CEJJ e dire\u00e7\u00e3o dos respetivos servi\u00e7os, sendo constitu\u00eddo por um Presidente, o Juiz Conselheiro Sim\u00e3o Santos, e duas Vogais, Dr\u00aa Arceolinda de Carvalho e Dr\u00aa Vera Querido.<\/p>\n<p>O CEJJ foi criado pelo Decreto-Lei n\u00ba 29\/2025 de 19 de agosto, tendo como miss\u00e3o assegurar a forma\u00e7\u00e3o de magistrados judiciais e do Minist\u00e9rio P\u00fablico e outros agentes no dom\u00ednio da justi\u00e7a, dos registos e do notariado, da identifica\u00e7\u00e3o civil e criminal, promover atividades de investiga\u00e7\u00e3o cient\u00edfica e estudos t\u00e9cnicos, \u00a0e ainda promover a coopera\u00e7\u00e3o nacional e internacional com institui\u00e7\u00f5es do setor da justi\u00e7a ligadas \u00e0 forma\u00e7\u00e3o e investiga\u00e7\u00e3o cient\u00edfica, com impacto na qualidade dos servi\u00e7os jur\u00eddicos e judici\u00e1rios.<\/p>\n<p>The post <a rel=\"nofollow\" href=\"https:\/\/www.governo.cv\/ministra-da-justica-reune-se-com-o-conselho-diretivo-do-centro-de-estudos-juridicos-e-judiciarios\/\" target=\"_blank\">Ministra da Justi\u00e7a re\u00fane-se com o Conselho Diretivo do Centro de Estudos Jur\u00eddicos e Judici\u00e1rios<\/a> appeared first on <a rel=\"nofollow\" href=\"https:\/\/www.governo.cv\/\" target=\"_blank\">Government of Cape Verde<\/a>.<\/p>\n<\/div>","protected":false},"excerpt":{"rendered":"<p>A Ministra da Justi\u00e7a, Joana Rosa, reuniu-se, nesta sexta-feira, 29 de janeiro, pela primeira vez com a rec\u00e9m-empossada equipa que integra o Conselho Diretivo do Centro de Estudos Jur\u00eddicos e Judici\u00e1rios (CEJJ), num encontro que serviu para definir as linhas de orienta\u00e7\u00e3o e programar as atividades a serem desenvolvidas nesta fase de instala\u00e7\u00e3o do CEJJ [&hellip;]<\/p>\n","protected":false},"author":2,"featured_media":0,"comment_status":"closed","ping_status":"closed","sticky":false,"template":"","format":"standard","meta":{"_breakdance_hide_in_design_set":false,"_breakdance_tags":"","footnotes":""},"categories":[263],"tags":[264],"class_list":["post-3859","post","type-post","status-publish","format-standard","hentry","category-noticias","tag-noticias"],"_links":{"self":[{"href":"https:\/\/consultoria.cv\/en\/wp-json\/wp\/v2\/posts\/3859","targetHints":{"allow":["GET"]}}],"collection":[{"href":"https:\/\/consultoria.cv\/en\/wp-json\/wp\/v2\/posts"}],"about":[{"href":"https:\/\/consultoria.cv\/en\/wp-json\/wp\/v2\/types\/post"}],"author":[{"embeddable":true,"href":"https:\/\/consultoria.cv\/en\/wp-json\/wp\/v2\/users\/2"}],"replies":[{"embeddable":true,"href":"https:\/\/consultoria.cv\/en\/wp-json\/wp\/v2\/comments?post=3859"}],"version-history":[{"count":0,"href":"https:\/\/consultoria.cv\/en\/wp-json\/wp\/v2\/posts\/3859\/revisions"}],"wp:attachment":[{"href":"https:\/\/consultoria.cv\/en\/wp-json\/wp\/v2\/media?parent=3859"}],"wp:term":[{"taxonomy":"category","embeddable":true,"href":"https:\/\/consultoria.cv\/en\/wp-json\/wp\/v2\/categories?post=3859"},{"taxonomy":"post_tag","embeddable":true,"href":"https:\/\/consultoria.cv\/en\/wp-json\/wp\/v2\/tags?post=3859"}],"curies":[{"name":"wp","href":"https:\/\/api.w.org\/{rel}","templated":true}]}}