{"id":3858,"date":"2026-02-01T00:02:52","date_gmt":"2026-02-01T01:02:52","guid":{"rendered":"https:\/\/consultoria.cv\/o-governo-tem-disponibilizado-nos-sucessivos-orcamentos-do-estado-um-conjunto-de-incentivos-para-o-setor-da-economia-azul-eurico-monteiro\/"},"modified":"2026-02-01T00:02:52","modified_gmt":"2026-02-01T01:02:52","slug":"o-governo-tem-disponibilizado-nos-sucessivos-orcamentos-do-estado-um-conjunto-de-incentivos-para-o-setor-da-economia-azul-eurico-monteiro","status":"publish","type":"post","link":"https:\/\/consultoria.cv\/en\/o-governo-tem-disponibilizado-nos-sucessivos-orcamentos-do-estado-um-conjunto-de-incentivos-para-o-setor-da-economia-azul-eurico-monteiro\/","title":{"rendered":"\u201cO Governo tem disponibilizado nos sucessivos Or\u00e7amentos do Estado um conjunto de incentivos para o setor da Economia Azul\u201d \u2013 Eurico Monteiro"},"content":{"rendered":"<div>\n<p>O Ministro da Promo\u00e7\u00e3o de Investimentos e Fomento Empresarial garantiu, esta quinta-feira, 29, em S\u00e3o Vicente, que o Governo de Cabo Verde tem disponibilizado, nos sucessivos Or\u00e7amentos do Estado, um conjunto de incentivos para o setor da Economia Azul. Eurico Monteiro fez esta declara\u00e7\u00e3o \u00e0 imprensa, no final das \u201cConversas de Fomento\u201d, um importante espa\u00e7o de escuta ativa do setor privado que, nesta II edi\u00e7\u00e3o, debateu, em Mindelo \u201cAs oportunidades de investimento e Empreendedorismo em Economia Azul\u201d.<\/p>\n<p>\u201cO Or\u00e7amento do Estado traz, de uma forma muito clara e muito assertiva, as vantagens fiscais e aduaneiras para o setor, desde \u00e0 importa\u00e7\u00e3o dos equipamentos \u00e0s mais variadas formas de explora\u00e7\u00e3o de empreendimentos que est\u00e3o ligados \u00e0 Economia Azul e at\u00e9 mesmo ao turismo mar\u00edtimo, nomeadamente, atrav\u00e9s da facilita\u00e7\u00e3o em termos de linhas de cr\u00e9ditos\u201d, afirmou o Ministro<\/p>\n<p>Ainda na ocasi\u00e3o, o governante explicou que o Executivo tem um ecossistema preparado para, atrav\u00e9s da Casa do Empreendedor (Pr\u00f3-Empresa, Pr\u00f3-Garante e Pr\u00f3-Capital), assistir aos jovens na montagem do seu neg\u00f3cio, desde a ideia inicial at\u00e9 ao \u00faltimo limite.<\/p>\n<p>\u201cA Pr\u00f3-Empresa tem como uma das principais atribui\u00e7\u00f5es a assist\u00eancia t\u00e9cnica, ent\u00e3o, o que precisamos \u00e9 que os jovens se apresentem \u00e0 mesma apenas com a ideia, pois temos uma equipa t\u00e9cnica que prestar\u00e1 toda a assist\u00eancia para transformar esta ideia num projeto que seja vi\u00e1vel para que tenha acesso \u00e0s linhas especiais\u201d, indicou Eurico Monteiro.<\/p>\n<p>E mais: \u201cA pessoa n\u00e3o precisa apresentar um documento t\u00e9cnico estruturado, tem apenas que apresentar a ideia e mostrar vontade de investir, que ter\u00e1 toda a assist\u00eancia t\u00e9cnica para a montagem do projeto at\u00e9 ao limite final, que \u00e9 exatamente a obten\u00e7\u00e3o do financiamento em condi\u00e7\u00f5es favor\u00e1veis, seja por causa das garantias que s\u00e3o prestadas pelo Estado e que podem, em algumas situa\u00e7\u00f5es, ir at\u00e9 aos 100%, seja na assist\u00eancia junto da banca para aceder \u00e0s linhas de financiamento\u201d, concluiu o Ministro.<\/p>\n<p>The post <a rel=\"nofollow\" href=\"https:\/\/www.governo.cv\/o-governo-tem-disponibilizado-nos-sucessivos-orcamentos-do-estado-um-conjunto-de-incentivos-para-o-setor-da-economia-azul-eurico-monteiro\/\" target=\"_blank\">\u201cO Governo tem disponibilizado nos sucessivos Or\u00e7amentos do Estado um conjunto de incentivos para o setor da Economia Azul\u201d \u2013 Eurico Monteiro<\/a> appeared first on <a rel=\"nofollow\" href=\"https:\/\/www.governo.cv\/\" target=\"_blank\">Government of Cape Verde<\/a>.<\/p>\n<\/div>","protected":false},"excerpt":{"rendered":"<p>O Ministro da Promo\u00e7\u00e3o de Investimentos e Fomento Empresarial garantiu, esta quinta-feira, 29, em S\u00e3o Vicente, que o Governo de Cabo Verde tem disponibilizado, nos sucessivos Or\u00e7amentos do Estado, um conjunto de incentivos para o setor da Economia Azul. Eurico Monteiro fez esta declara\u00e7\u00e3o \u00e0 imprensa, no final das \u201cConversas de Fomento\u201d, um importante espa\u00e7o [&hellip;]<\/p>\n","protected":false},"author":2,"featured_media":0,"comment_status":"closed","ping_status":"closed","sticky":false,"template":"","format":"standard","meta":{"_breakdance_hide_in_design_set":false,"_breakdance_tags":"","footnotes":""},"categories":[263],"tags":[264],"class_list":["post-3858","post","type-post","status-publish","format-standard","hentry","category-noticias","tag-noticias"],"_links":{"self":[{"href":"https:\/\/consultoria.cv\/en\/wp-json\/wp\/v2\/posts\/3858","targetHints":{"allow":["GET"]}}],"collection":[{"href":"https:\/\/consultoria.cv\/en\/wp-json\/wp\/v2\/posts"}],"about":[{"href":"https:\/\/consultoria.cv\/en\/wp-json\/wp\/v2\/types\/post"}],"author":[{"embeddable":true,"href":"https:\/\/consultoria.cv\/en\/wp-json\/wp\/v2\/users\/2"}],"replies":[{"embeddable":true,"href":"https:\/\/consultoria.cv\/en\/wp-json\/wp\/v2\/comments?post=3858"}],"version-history":[{"count":0,"href":"https:\/\/consultoria.cv\/en\/wp-json\/wp\/v2\/posts\/3858\/revisions"}],"wp:attachment":[{"href":"https:\/\/consultoria.cv\/en\/wp-json\/wp\/v2\/media?parent=3858"}],"wp:term":[{"taxonomy":"category","embeddable":true,"href":"https:\/\/consultoria.cv\/en\/wp-json\/wp\/v2\/categories?post=3858"},{"taxonomy":"post_tag","embeddable":true,"href":"https:\/\/consultoria.cv\/en\/wp-json\/wp\/v2\/tags?post=3858"}],"curies":[{"name":"wp","href":"https:\/\/api.w.org\/{rel}","templated":true}]}}