{"id":3835,"date":"2026-01-01T00:05:13","date_gmt":"2026-01-01T01:05:13","guid":{"rendered":"https:\/\/consultoria.cv\/navio-praia-de-aguada-obtem-certificado-para-inicio-das-operacoes-inter-ilhas\/"},"modified":"2026-01-01T00:05:13","modified_gmt":"2026-01-01T01:05:13","slug":"navio-praia-de-aguada-obtem-certificado-para-inicio-das-operacoes-inter-ilhas","status":"publish","type":"post","link":"https:\/\/consultoria.cv\/en\/navio-praia-de-aguada-obtem-certificado-para-inicio-das-operacoes-inter-ilhas\/","title":{"rendered":"Navio Praia de Aguada obt\u00e9m certificado para in\u00edcio das opera\u00e7\u00f5es inter-ilhas"},"content":{"rendered":"<div>\n<p>O navio Praia de Aguada, destinado ao refor\u00e7o do transporte mar\u00edtimo inter-ilhas, recebeu hoje o certificado, depois de concluir, esta segunda-feira, 29 de dezembro, os testes de mar e a inspe\u00e7\u00e3o t\u00e9cnica pelo Instituto Mar\u00edtimo e Portu\u00e1rio (IMP).<\/p>\n<p>Com a certifica\u00e7\u00e3o conclu\u00edda, est\u00e1 previsto que o navio entre em opera\u00e7\u00e3o antes do final do ano, refor\u00e7ando liga\u00e7\u00f5es regulares de transporte inter-ilhas de passageiros e carga, refor\u00e7ando a mobilidade mar\u00edtima no pa\u00eds, em particular nas ilhas do Sul. A Praia de Aguada tem a capacidade de transportar contentores de 20 e 40 p\u00e9s, para al\u00e9m de viaturas e carga \u00e0 granel.<\/p>\n<p>De acordo com o plano operacional definido, o Praia de Aguada ir\u00e1 assegurar:<\/p>\n<ul>\n<li>Duas liga\u00e7\u00f5es m\u00ednimas semanais na rota Praia \u2013 Fogo \u2013 Brava \u2013 Praia;<\/li>\n<li>Uma liga\u00e7\u00e3o m\u00ednima semanal na rota Praia \u2013 Maio \u2013 Praia;<\/li>\n<li>Uma liga\u00e7\u00e3o quinzenal na rota Praia \u2013 S\u00e3o Nicolau \u2013 S\u00e3o Vicente \u2013 S\u00e3o Nicolau \u2013 Praia.<\/li>\n<\/ul>\n<p>O navio pertence \u00e0 Cabo Verde Fast Ferry (CVFF) e ser\u00e1 explorado pela empresa Polaris, ao abrigo de um contrato de afretamento a casco nu, permitindo uma resposta mais c\u00e9lere e eficiente \u00e0s necessidades de transporte mar\u00edtimo de passageiros e mercadorias. A entrada em opera\u00e7\u00e3o do navio Praia de Aguada ser\u00e1 um mais valia sobretudo para o transporte de carga para Fogo, Brava e Maio.<\/p>\n<p>A entrada em funcionamento do Praia de Aguada surge como resposta concreta \u00e0s preocupa\u00e7\u00f5es manifestadas por agentes econ\u00f3micos e popula\u00e7\u00f5es, sobretudo nas ilhas do Fogo, Brava e Maio, contribuindo para o refor\u00e7o da conectividade, da atividade econ\u00f3mica e da coes\u00e3o territorial.<\/p>\n<p>O Governo reafirma, assim, o seu compromisso com a melhoria cont\u00ednua do sistema de transportes mar\u00edtimos nacionais.<\/p>\n<p>The post <a rel=\"nofollow\" href=\"https:\/\/www.governo.cv\/navio-praia-de-aguada-obtem-certificado-para-inicio-das-operacoes-inter-ilhas\/\" target=\"_blank\">Navio Praia de Aguada obt\u00e9m certificado para in\u00edcio das opera\u00e7\u00f5es inter-ilhas<\/a> appeared first on <a rel=\"nofollow\" href=\"https:\/\/www.governo.cv\/\" target=\"_blank\">Government of Cape Verde<\/a>.<\/p>\n<\/div>","protected":false},"excerpt":{"rendered":"<p>O navio Praia de Aguada, destinado ao refor\u00e7o do transporte mar\u00edtimo inter-ilhas, recebeu hoje o certificado, depois de concluir, esta segunda-feira, 29 de dezembro, os testes de mar e a inspe\u00e7\u00e3o t\u00e9cnica pelo Instituto Mar\u00edtimo e Portu\u00e1rio (IMP). Com a certifica\u00e7\u00e3o conclu\u00edda, est\u00e1 previsto que o navio entre em opera\u00e7\u00e3o antes do final do ano, [&hellip;]<\/p>\n","protected":false},"author":2,"featured_media":0,"comment_status":"closed","ping_status":"closed","sticky":false,"template":"","format":"standard","meta":{"_breakdance_hide_in_design_set":false,"_breakdance_tags":"","footnotes":""},"categories":[263],"tags":[264],"class_list":["post-3835","post","type-post","status-publish","format-standard","hentry","category-noticias","tag-noticias"],"_links":{"self":[{"href":"https:\/\/consultoria.cv\/en\/wp-json\/wp\/v2\/posts\/3835","targetHints":{"allow":["GET"]}}],"collection":[{"href":"https:\/\/consultoria.cv\/en\/wp-json\/wp\/v2\/posts"}],"about":[{"href":"https:\/\/consultoria.cv\/en\/wp-json\/wp\/v2\/types\/post"}],"author":[{"embeddable":true,"href":"https:\/\/consultoria.cv\/en\/wp-json\/wp\/v2\/users\/2"}],"replies":[{"embeddable":true,"href":"https:\/\/consultoria.cv\/en\/wp-json\/wp\/v2\/comments?post=3835"}],"version-history":[{"count":0,"href":"https:\/\/consultoria.cv\/en\/wp-json\/wp\/v2\/posts\/3835\/revisions"}],"wp:attachment":[{"href":"https:\/\/consultoria.cv\/en\/wp-json\/wp\/v2\/media?parent=3835"}],"wp:term":[{"taxonomy":"category","embeddable":true,"href":"https:\/\/consultoria.cv\/en\/wp-json\/wp\/v2\/categories?post=3835"},{"taxonomy":"post_tag","embeddable":true,"href":"https:\/\/consultoria.cv\/en\/wp-json\/wp\/v2\/tags?post=3835"}],"curies":[{"name":"wp","href":"https:\/\/api.w.org\/{rel}","templated":true}]}}