{"id":3817,"date":"2025-12-01T12:01:38","date_gmt":"2025-12-01T13:01:38","guid":{"rendered":"https:\/\/consultoria.cv\/secretario-de-estado-da-economia-digital-entrega-distincoes-empresa-excelencia-2024\/"},"modified":"2025-12-01T12:01:38","modified_gmt":"2025-12-01T13:01:38","slug":"secretario-de-estado-da-economia-digital-entrega-distincoes-empresa-excelencia-2024","status":"publish","type":"post","link":"https:\/\/consultoria.cv\/en\/secretario-de-estado-da-economia-digital-entrega-distincoes-empresa-excelencia-2024\/","title":{"rendered":"Secret\u00e1rio de Estado da Economia Digital entrega distin\u00e7\u00f5es \u201cEMPRESA EXCEL\u00caNCIA 2024\u201d"},"content":{"rendered":"<div>\n<p>O Secret\u00e1rio de Estado da Economia Digital, Pedro Lopes, em representa\u00e7\u00e3o do Primeiro-Ministro, Ulisses Correia e Silva, procedeu ao encerramento da 2.\u00aa edi\u00e7\u00e3o da iniciativa EMPRESA EXCEL\u00caNCIA, realizada esta sexta-feira, 28 de novembro, no audit\u00f3rio principal da TECHPARK, na cidade da Praia.<\/p>\n<p>Pedro Lopes entrego as distin\u00e7\u00f5es \u201cEMPRESA EXCEL\u00caNCIA 2024\u201d, juntamente com os representantes da entidade promotora (BTOC), N\u00e1dia Cardoso e Pedro Andrade, a vinte e cinco empresas cabo-verdianas de contabilidade organizada que demonstram robustez financeira, boa governa\u00e7\u00e3o, responsabilidade social e vis\u00e3o estrat\u00e9gica.<\/p>\n<p>A cerim\u00f3nia marcou a 2.\u00aa edi\u00e7\u00e3o da iniciativa e refor\u00e7a o movimento nacional de promo\u00e7\u00e3o da competitividade, da qualidade de gest\u00e3o e da sustentabilidade empresarial.<\/p>\n<p>Durante o discurso de encerramento, Pedro Lopes afirmou que esta cerim\u00f3nia simboliza o alinhamento nacional que tanto se procura. \u201cGoverno, setor privado e setor financeiro, todos a remar para o mesmo lado, no desenvolvimento de Cabo Verde e na melhoria do nosso ambiente de neg\u00f3cios\u201d.<\/p>\n<p>O governante referiu que se vive um tempo de acelera\u00e7\u00e3o, em que o mundo n\u00e3o espera e o mercado global se torna cada vez mais digital, competitivo e exigente, acrescentando que a resposta de Cabo Verde a este contexto passa por empresas fortes, modernas e resilientes.<\/p>\n<p>\u201cEste certificado e pr\u00e9mio n\u00e3o \u00e9 apenas um galard\u00e3o, \u00e9 um instrumento de qualifica\u00e7\u00e3o do nosso tecido empresarial, um selo de confian\u00e7a para a banca, para os investidores e para as empresas, e um verdadeiro motor de transforma\u00e7\u00e3o econ\u00f3mica que incentiva a transpar\u00eancia e a inova\u00e7\u00e3o\u201d, afirmou.<\/p>\n<p>O Secret\u00e1rio de Estado considerou que Cabo Verde est\u00e1 a crescer, sublinhando que o pa\u00eds recebe cada vez mais turistas, e destacou que este dinamismo exige que as institui\u00e7\u00f5es p\u00fablicas e privadas respondam com excel\u00eancia, acrescentando que, para que isso seja poss\u00edvel, \u00e9 fundamental motivar os colaboradores.<\/p>\n<p>Pedro Lopes encerrou a sua interven\u00e7\u00e3o com uma mensagem de reconhecimento ao Pr\u00e9mio de Excel\u00eancia. Manifestou o desejo de que as lideran\u00e7as presentes valorizem, dentro das suas organiza\u00e7\u00f5es, os seus colaboradores e distingam os que mais se destacam.<\/p>\n<p>Sublinhou a import\u00e2ncia de promover uma cultura de maior meritocracia em Cabo Verde, identificando os melhores, motivando-os e permitindo que sirvam de inspira\u00e7\u00e3o aos demais.<\/p>\n<p>O evento reuniu Governo, setor privado, entidades financeiras, parceiros internacionais, universidades e outras organiza\u00e7\u00f5es, simbolizando o alinhamento nacional em torno da melhoria do ambiente de neg\u00f3cios e do desempenho das empresas.<\/p>\n<p>The post <a rel=\"nofollow\" href=\"https:\/\/www.governo.cv\/secretario-de-estado-da-economia-digital-entrega-distincoes-empresa-excelencia-2024\/\" target=\"_blank\">Secret\u00e1rio de Estado da Economia Digital entrega distin\u00e7\u00f5es \u201cEMPRESA EXCEL\u00caNCIA 2024\u201d<\/a> appeared first on <a rel=\"nofollow\" href=\"https:\/\/www.governo.cv\/\" target=\"_blank\">Government of Cape Verde<\/a>.<\/p>\n<\/div>","protected":false},"excerpt":{"rendered":"<p>O Secret\u00e1rio de Estado da Economia Digital, Pedro Lopes, em representa\u00e7\u00e3o do Primeiro-Ministro, Ulisses Correia e Silva, procedeu ao encerramento da 2.\u00aa edi\u00e7\u00e3o da iniciativa EMPRESA EXCEL\u00caNCIA, realizada esta sexta-feira, 28 de novembro, no audit\u00f3rio principal da TECHPARK, na cidade da Praia. Pedro Lopes entrego as distin\u00e7\u00f5es \u201cEMPRESA EXCEL\u00caNCIA 2024\u201d, juntamente com os representantes da [&hellip;]<\/p>\n","protected":false},"author":2,"featured_media":0,"comment_status":"closed","ping_status":"closed","sticky":false,"template":"","format":"standard","meta":{"_breakdance_hide_in_design_set":false,"_breakdance_tags":"","footnotes":""},"categories":[263],"tags":[264],"class_list":["post-3817","post","type-post","status-publish","format-standard","hentry","category-noticias","tag-noticias"],"_links":{"self":[{"href":"https:\/\/consultoria.cv\/en\/wp-json\/wp\/v2\/posts\/3817","targetHints":{"allow":["GET"]}}],"collection":[{"href":"https:\/\/consultoria.cv\/en\/wp-json\/wp\/v2\/posts"}],"about":[{"href":"https:\/\/consultoria.cv\/en\/wp-json\/wp\/v2\/types\/post"}],"author":[{"embeddable":true,"href":"https:\/\/consultoria.cv\/en\/wp-json\/wp\/v2\/users\/2"}],"replies":[{"embeddable":true,"href":"https:\/\/consultoria.cv\/en\/wp-json\/wp\/v2\/comments?post=3817"}],"version-history":[{"count":0,"href":"https:\/\/consultoria.cv\/en\/wp-json\/wp\/v2\/posts\/3817\/revisions"}],"wp:attachment":[{"href":"https:\/\/consultoria.cv\/en\/wp-json\/wp\/v2\/media?parent=3817"}],"wp:term":[{"taxonomy":"category","embeddable":true,"href":"https:\/\/consultoria.cv\/en\/wp-json\/wp\/v2\/categories?post=3817"},{"taxonomy":"post_tag","embeddable":true,"href":"https:\/\/consultoria.cv\/en\/wp-json\/wp\/v2\/tags?post=3817"}],"curies":[{"name":"wp","href":"https:\/\/api.w.org\/{rel}","templated":true}]}}