{"id":3815,"date":"2025-12-01T00:12:21","date_gmt":"2025-12-01T01:12:21","guid":{"rendered":"https:\/\/consultoria.cv\/remodelacao-no-governo-de-cabo-verde-separa-financas-e-fomento-empresarial-e-muda-nomes-24-noticias\/"},"modified":"2025-12-01T00:12:21","modified_gmt":"2025-12-01T01:12:21","slug":"remodelacao-no-governo-de-cabo-verde-separa-financas-e-fomento-empresarial-e-muda-nomes-24-noticias","status":"publish","type":"post","link":"https:\/\/consultoria.cv\/en\/remodelacao-no-governo-de-cabo-verde-separa-financas-e-fomento-empresarial-e-muda-nomes-24-noticias\/","title":{"rendered":"Remodela\u00e7\u00e3o no Governo de Cabo Verde separa Finan\u00e7as e Fomento Empresarial e muda nomes &#8211; 24 Not\u00edcias"},"content":{"rendered":"<div><a href=\"https:\/\/news.google.com\/rss\/articles\/CBMipwFBVV95cUxOeldUSktPT3dxOVAwYy1vSWtBYmhNdDVmY3o4dUdlMllmdnh3NHl5ZjJueElRWW0yQWNzdTY3YnNrMk1pck1ILTh6Y3FzdVNFcEY1ZEozaElHTjV1Q3F3NUhoSFRWVjFEZ3RCQ2xQNmdULTdNOGdxZnY1T3ZzRWpPdWRtYlJpLTRJLVUtSnd1WUVvNkp3dTBHLTNDUXd5andXeEQ1cnVKVQ?oc=5\" target=\"_blank\" rel=\"noopener noreferrer nofollow\">Remodela\u00e7\u00e3o no Governo de Cabo Verde separa Finan\u00e7as e Fomento Empresarial e muda nomes<\/a>\u00a0\u00a0<font color=\"#6f6f6f\">24 Not\u00edcias<\/font><\/div>","protected":false},"excerpt":{"rendered":"<p>Remodela\u00e7\u00e3o no Governo de Cabo Verde separa Finan\u00e7as e Fomento Empresarial e muda nomes\u00a0\u00a024 Not\u00edcias<\/p>","protected":false},"author":2,"featured_media":0,"comment_status":"closed","ping_status":"closed","sticky":false,"template":"","format":"standard","meta":{"_breakdance_hide_in_design_set":false,"_breakdance_tags":"","footnotes":""},"categories":[263],"tags":[264],"class_list":["post-3815","post","type-post","status-publish","format-standard","hentry","category-noticias","tag-noticias"],"_links":{"self":[{"href":"https:\/\/consultoria.cv\/en\/wp-json\/wp\/v2\/posts\/3815","targetHints":{"allow":["GET"]}}],"collection":[{"href":"https:\/\/consultoria.cv\/en\/wp-json\/wp\/v2\/posts"}],"about":[{"href":"https:\/\/consultoria.cv\/en\/wp-json\/wp\/v2\/types\/post"}],"author":[{"embeddable":true,"href":"https:\/\/consultoria.cv\/en\/wp-json\/wp\/v2\/users\/2"}],"replies":[{"embeddable":true,"href":"https:\/\/consultoria.cv\/en\/wp-json\/wp\/v2\/comments?post=3815"}],"version-history":[{"count":0,"href":"https:\/\/consultoria.cv\/en\/wp-json\/wp\/v2\/posts\/3815\/revisions"}],"wp:attachment":[{"href":"https:\/\/consultoria.cv\/en\/wp-json\/wp\/v2\/media?parent=3815"}],"wp:term":[{"taxonomy":"category","embeddable":true,"href":"https:\/\/consultoria.cv\/en\/wp-json\/wp\/v2\/categories?post=3815"},{"taxonomy":"post_tag","embeddable":true,"href":"https:\/\/consultoria.cv\/en\/wp-json\/wp\/v2\/tags?post=3815"}],"curies":[{"name":"wp","href":"https:\/\/api.w.org\/{rel}","templated":true}]}}