{"id":3814,"date":"2025-12-01T00:11:20","date_gmt":"2025-12-01T01:11:20","guid":{"rendered":"https:\/\/consultoria.cv\/inaugurado-o-polo-do-centro-de-emprego-e-formacao-profissional-de-s-antao-em-porto-novo\/"},"modified":"2025-12-01T00:11:20","modified_gmt":"2025-12-01T01:11:20","slug":"inaugurado-o-polo-do-centro-de-emprego-e-formacao-profissional-de-s-antao-em-porto-novo","status":"publish","type":"post","link":"https:\/\/consultoria.cv\/en\/inaugurado-o-polo-do-centro-de-emprego-e-formacao-profissional-de-s-antao-em-porto-novo\/","title":{"rendered":"Inaugurado o Polo do Centro de Emprego e Forma\u00e7\u00e3o Profissional de S. Ant\u00e3o em Porto Novo"},"content":{"rendered":"<div>\n<p>A ilha de S. Ant\u00e3o passou a ter um novo Centro de Emprego e Forma\u00e7\u00e3o Profissional, com a inaugura\u00e7\u00e3o, este s\u00e1bado, 29, do novo P\u00f3lo, na cidade do em Porto Novo, em cerim\u00f3nia presidida pelo Primeiro Ministro, Ulisses Correia e Silva.<\/p>\n<p>\u201cEstamos, mais uma vez, a cumprir o programa do Governo e a cumprir com o compromisso assumido com os jovens desta ilha\u201d, disse o Chefe do Governo, enaltecendo o facto deste centro estar mais pr\u00f3ximo dos jovens, com oferta de forma\u00e7\u00e3o de qualidade, \u201calinhada com aquilo que S. Ant\u00e3o precisa, hoje e no futuro, em diversas \u00e1reas, da hotelaria e turismo \u00e0 tecnologia de informa\u00e7\u00e3o e comunica\u00e7\u00e3o\u201d.<\/p>\n<p>\u201cSanto Ant\u00e3o \u00e9 uma ilha que est\u00e1 a crescer e a desenvolver com o turismo \u2013 tem grande potencial para crescer ainda mais -, e que precisa de ter ofertas formativas na \u00e1rea de hotelaria e turismo, mas tamb\u00e9m em l\u00ednguas\u201d, acrescentou. Na \u00f3ptica de Ulisses Correia e Silva, este crescimento implica investimento nas infra-estruturas, n\u00e3o s\u00f3 investimentos p\u00fablicos, mas tamb\u00e9m a procura de servi\u00e7os, de privados e v\u00e1rias organiza\u00e7\u00f5es na \u00e1rea da constru\u00e7\u00e3o civil.<\/p>\n<p>Por isso, a oferta de cursos na \u00e1rea de constru\u00e7\u00e3o civil, como electricidade, canaliza\u00e7\u00e3o, soldagem, \u201cfaz todo o sentido, porque s\u00e3o \u00e1reas com n\u00edvel de empregabilidade muito elevado\u201d, sublinhou.<\/p>\n<p>\u201cNuma ilha, onde os jovens procuram, e legitimamente, integrara-se num mundo global, tendo em conta que o digital \u00e9 hoje fundamental para que isso aconte\u00e7a, faz todo o sentido o Centro ter o curso de Tecnologias de Informa\u00e7\u00e3o e Comunica\u00e7\u00e3o como vai acontecer a partir de hoje\u201d, adiantou.<\/p>\n<p>De acordo com o Primeiro Ministro, o Governo ainda n\u00e3o atingiu os cem por cento daquilo que a ilha precisa e desejaria em mat\u00e9ria cria\u00e7\u00e3o de emprego e empregabilidade, de forma\u00e7\u00e3o profissional, \u201cmas o caminho \u00e9 este: massificar, incluir, criar condi\u00e7\u00f5es em todos os pontos de Cabo Verde, para garantir um futuro risonho para os nossos jovens\u201d. \u201cEste Centro \u00e9 importante e desej\u00e1vel porque ajuda a reter os jovens em S. Ant\u00e3o, tendo sempre em aten\u00e7\u00e3o a liberdade de escolha de cada um, viver em Cabo Verde ou n\u00e3o. O dever do Estado \u00e9 garantir as condi\u00e7\u00f5es para c\u00e1 ficarem. E \u00e9 isso que estamos a fazer\u201d, rematou.<\/p>\n<p>Este Centro, edificado na antiga f\u00e1brica de queijo, foi financiado pelo Governo e est\u00e1 or\u00e7ado em mais de 30 mil contos (cerca de 300 mil euros).<\/p>\n<p>No seu discurso, o Presidente do Conselho Directivo do IEFP, Paulo Santos, disse que os dados mais recentes confirmam o impacto positivo das nossas pol\u00edticas. De acordo com o\u00a0Relat\u00f3rio de Empregabilidade de 2025 \u2013 Sobre a Empregabilidade das Pol\u00edticas Ativas de Emprego Implementadas no Ano 2024, realizado pelo Observat\u00f3rio de Mercado de Trabalho, \u201c75% dos jovens benefici\u00e1rios inserem-se no mercado de trabalho no primeiro ano ap\u00f3s a forma\u00e7\u00e3o\u201d.<\/p>\n<p>\u201cDestacam-se os programas de empreendedorismo, com 88% de taxa de inser\u00e7\u00e3o, e os de forma\u00e7\u00e3o profissional, com 77%. Cada jovem empreendedor apoiado gera, em m\u00e9dia, 1,2 postos de trabalho, com 76,7% dos colaboradores inscritos no INPS\u201d, anotou.<\/p>\n<p>\u201c\u00c9 tamb\u00e9m motivo de orgulho ver que 7 em cada 10 jovens est\u00e3o a trabalhar na sua \u00e1rea de forma\u00e7\u00e3o, um sinal claro de que estamos a alinhar a oferta formativa com as necessidades do mercado\u201d, disse ainda Paulo Santos.<\/p>\n<p>The post <a rel=\"nofollow\" href=\"https:\/\/www.governo.cv\/inaugurado-o-polo-do-centro-de-emprego-e-formacao-profissional-de-s-antao-em-porto-novo\/\" target=\"_blank\">Inaugurado o Polo do Centro de Emprego e Forma\u00e7\u00e3o Profissional de S. Ant\u00e3o em Porto Novo<\/a> appeared first on <a rel=\"nofollow\" href=\"https:\/\/www.governo.cv\/\" target=\"_blank\">Government of Cape Verde<\/a>.<\/p>\n<\/div>","protected":false},"excerpt":{"rendered":"<p>A ilha de S. Ant\u00e3o passou a ter um novo Centro de Emprego e Forma\u00e7\u00e3o Profissional, com a inaugura\u00e7\u00e3o, este s\u00e1bado, 29, do novo P\u00f3lo, na cidade do em Porto Novo, em cerim\u00f3nia presidida pelo Primeiro Ministro, Ulisses Correia e Silva. \u201cEstamos, mais uma vez, a cumprir o programa do Governo e a cumprir com [&hellip;]<\/p>\n","protected":false},"author":2,"featured_media":0,"comment_status":"closed","ping_status":"closed","sticky":false,"template":"","format":"standard","meta":{"_breakdance_hide_in_design_set":false,"_breakdance_tags":"","footnotes":""},"categories":[263],"tags":[264],"class_list":["post-3814","post","type-post","status-publish","format-standard","hentry","category-noticias","tag-noticias"],"_links":{"self":[{"href":"https:\/\/consultoria.cv\/en\/wp-json\/wp\/v2\/posts\/3814","targetHints":{"allow":["GET"]}}],"collection":[{"href":"https:\/\/consultoria.cv\/en\/wp-json\/wp\/v2\/posts"}],"about":[{"href":"https:\/\/consultoria.cv\/en\/wp-json\/wp\/v2\/types\/post"}],"author":[{"embeddable":true,"href":"https:\/\/consultoria.cv\/en\/wp-json\/wp\/v2\/users\/2"}],"replies":[{"embeddable":true,"href":"https:\/\/consultoria.cv\/en\/wp-json\/wp\/v2\/comments?post=3814"}],"version-history":[{"count":0,"href":"https:\/\/consultoria.cv\/en\/wp-json\/wp\/v2\/posts\/3814\/revisions"}],"wp:attachment":[{"href":"https:\/\/consultoria.cv\/en\/wp-json\/wp\/v2\/media?parent=3814"}],"wp:term":[{"taxonomy":"category","embeddable":true,"href":"https:\/\/consultoria.cv\/en\/wp-json\/wp\/v2\/categories?post=3814"},{"taxonomy":"post_tag","embeddable":true,"href":"https:\/\/consultoria.cv\/en\/wp-json\/wp\/v2\/tags?post=3814"}],"curies":[{"name":"wp","href":"https:\/\/api.w.org\/{rel}","templated":true}]}}