{"id":3813,"date":"2025-12-01T00:08:28","date_gmt":"2025-12-01T01:08:28","guid":{"rendered":"https:\/\/consultoria.cv\/investir-na-qualificacao-e-o-maior-investimento-que-o-estado-de-cabo-verde-poderia-a-fazer-para-as-pessoas-ministro-eurico-monteiro\/"},"modified":"2025-12-01T00:08:28","modified_gmt":"2025-12-01T01:08:28","slug":"investir-na-qualificacao-e-o-maior-investimento-que-o-estado-de-cabo-verde-poderia-a-fazer-para-as-pessoas-ministro-eurico-monteiro","status":"publish","type":"post","link":"https:\/\/consultoria.cv\/en\/investir-na-qualificacao-e-o-maior-investimento-que-o-estado-de-cabo-verde-poderia-a-fazer-para-as-pessoas-ministro-eurico-monteiro\/","title":{"rendered":"\u201cInvestir na qualifica\u00e7\u00e3o \u00e9 o maior investimento que o Estado de Cabo Verde poderia a fazer para as pessoas\u201d \u2013 Ministro Eurico Monteiro"},"content":{"rendered":"<div>\n<p>O Ministro da Promo\u00e7\u00e3o de Investimentos e Fomento Empresarial garantiu, esta sexta-feira, 28 de novembro, que investir na forma\u00e7\u00e3o das pessoas \u00e9 o maior investimento que o Estado de Cabo Verde alguma vez poderia fazer.<\/p>\n<p>Eurico Monteiro fez esta afirma\u00e7\u00e3o durante a abertura da conversa aberta \u201c<em>Agarr\u00e1 bo oportunidade, Konstru\u00ed bo futuru<\/em>\u201d entre o Primeiro-Ministro, Ulisses Correia e Silva, e jovens formandos de S\u00e3o Vicente, que teve lugar no Tech Park do Mindelo, reunindo centenas de formandos do Instituto do Emprego e Forma\u00e7\u00e3o Profissional (IEFP), da Escola de Hotelaria e Turismo de Cabo Verde (EHTCV) e da Escola do Mar (EMAR).<\/p>\n<p>Para o Ministro, o patamar que o sistema de forma\u00e7\u00e3o atingiu em Cabo Verde constitui, sem d\u00favidas, um motivo de orgulho, n\u00e3o s\u00f3 pelo impacto, como pela transforma\u00e7\u00e3o que vem causando na vida de milhares de jovens, em todo o pa\u00eds.<\/p>\n<p>Eurico Monteiro reconheceu, todavia, que ainda existem desafios a serem superados, mas, apesar destes, sublinhou, as pol\u00edticas p\u00fablicas implementadas pelo atual Executivo, t\u00eam garantido avan\u00e7os significativos nesta mat\u00e9ria. \u201cEm primeiro lugar, a valoriza\u00e7\u00e3o e qualifica\u00e7\u00e3o das pessoas, e em segundo lugar, o crescimento e a sustentabilidade das empresas\u201d, afirmou o Ministro, para quem esses dois pilares se casam perfeitamente, uma vez que o crescimento empresarial, e, por conseguinte, o desenvolvimento do pa\u00eds, depende da exist\u00eancia de pessoas qualificadas, capazes de gerar valor, melhorar o seu rendimento e alcan\u00e7ar melhor qualidade de vida.<\/p>\n<p>Na ocasi\u00e3o, na qual recordou em como o Governo de Cabo Verde tem refor\u00e7ado o acesso ao ensino e \u00e0 forma\u00e7\u00e3o, desde a gratuitidade universal at\u00e9 ao 12.\u00ba ano, passando pelo apoio ao ensino superior e pela abertura da forma\u00e7\u00e3o profissional a todos, independentemente da sua condi\u00e7\u00e3o socioecon\u00f3mica, o governante apontou as proje\u00e7\u00f5es para 2026, que incluem: mais de 11 mil benefici\u00e1rios na forma\u00e7\u00e3o profissional;<\/p>\n<ul>\n<li>060 est\u00e1gios profissionais;<\/li>\n<li>250 empresas apoiadas na contrata\u00e7\u00e3o; e<\/li>\n<li>cerca de 2.000 projetos de empreendedorismo assistidos.<\/li>\n<\/ul>\n<p>\u201cS\u00f3 no sistema de forma\u00e7\u00e3o profissional, o Estado prev\u00ea investir cerca de 742 mil contos, no pr\u00f3ximo ano\u201d, indicou o Ministro, incentivando os jovens a aproveitarem todas as oportunidades colocadas \u00e0 disposi\u00e7\u00e3o, sobretudo numa altura em que se pode contar com uma oferta diversificada e forma\u00e7\u00e3o profissional totalmente gratuita a todos os n\u00edveis do Cadastro.<\/p>\n<p>Eurico Monteiro destacou ainda que o Estado tem procurado construir um ecossistema de oportunidades que vai al\u00e9m da forma\u00e7\u00e3o, abrangendo, igualmente, o empreendedorismo. \u201cPara aqueles que desejam enveredar para o mundo dos neg\u00f3cios, temos hoje um ecossistema que suporta, desde a primeira ideia at\u00e9 ao acesso ao financiamento\u201d, informou o Ministro, lembrando que, t\u00e3o importante quanto o Estado criar as oportunidades \u00e9 haver pessoas dispostas a agarrarem essas oportunidades, pois que, \u201co Estado pode fazer muito, mas n\u00e3o pode substituir nem a vontade e a energia das pessoas\u201d.<\/p>\n<p>The post <a rel=\"nofollow\" href=\"https:\/\/www.governo.cv\/investir-na-qualificacao-e-o-maior-investimento-que-o-estado-de-cabo-verde-poderia-a-fazer-para-as-pessoas-ministro-eurico-monteiro\/\" target=\"_blank\">\u201cInvestir na qualifica\u00e7\u00e3o \u00e9 o maior investimento que o Estado de Cabo Verde poderia a fazer para as pessoas\u201d \u2013 Ministro Eurico Monteiro<\/a> appeared first on <a rel=\"nofollow\" href=\"https:\/\/www.governo.cv\/\" target=\"_blank\">Government of Cape Verde<\/a>.<\/p>\n<\/div>","protected":false},"excerpt":{"rendered":"<p>O Ministro da Promo\u00e7\u00e3o de Investimentos e Fomento Empresarial garantiu, esta sexta-feira, 28 de novembro, que investir na forma\u00e7\u00e3o das pessoas \u00e9 o maior investimento que o Estado de Cabo Verde alguma vez poderia fazer. Eurico Monteiro fez esta afirma\u00e7\u00e3o durante a abertura da conversa aberta \u201cAgarr\u00e1 bo oportunidade, Konstru\u00ed bo futuru\u201d entre o Primeiro-Ministro, [&hellip;]<\/p>\n","protected":false},"author":2,"featured_media":0,"comment_status":"closed","ping_status":"closed","sticky":false,"template":"","format":"standard","meta":{"_breakdance_hide_in_design_set":false,"_breakdance_tags":"","footnotes":""},"categories":[263],"tags":[264],"class_list":["post-3813","post","type-post","status-publish","format-standard","hentry","category-noticias","tag-noticias"],"_links":{"self":[{"href":"https:\/\/consultoria.cv\/en\/wp-json\/wp\/v2\/posts\/3813","targetHints":{"allow":["GET"]}}],"collection":[{"href":"https:\/\/consultoria.cv\/en\/wp-json\/wp\/v2\/posts"}],"about":[{"href":"https:\/\/consultoria.cv\/en\/wp-json\/wp\/v2\/types\/post"}],"author":[{"embeddable":true,"href":"https:\/\/consultoria.cv\/en\/wp-json\/wp\/v2\/users\/2"}],"replies":[{"embeddable":true,"href":"https:\/\/consultoria.cv\/en\/wp-json\/wp\/v2\/comments?post=3813"}],"version-history":[{"count":0,"href":"https:\/\/consultoria.cv\/en\/wp-json\/wp\/v2\/posts\/3813\/revisions"}],"wp:attachment":[{"href":"https:\/\/consultoria.cv\/en\/wp-json\/wp\/v2\/media?parent=3813"}],"wp:term":[{"taxonomy":"category","embeddable":true,"href":"https:\/\/consultoria.cv\/en\/wp-json\/wp\/v2\/categories?post=3813"},{"taxonomy":"post_tag","embeddable":true,"href":"https:\/\/consultoria.cv\/en\/wp-json\/wp\/v2\/tags?post=3813"}],"curies":[{"name":"wp","href":"https:\/\/api.w.org\/{rel}","templated":true}]}}