{"id":3812,"date":"2025-12-01T00:04:13","date_gmt":"2025-12-01T01:04:13","guid":{"rendered":"https:\/\/consultoria.cv\/a-forca-da-juventude-e-do-empreendedorismo-jovem-e-que-fazem-um-pais-avancar-ulisses-correia-e-silva\/"},"modified":"2025-12-01T00:04:13","modified_gmt":"2025-12-01T01:04:13","slug":"a-forca-da-juventude-e-do-empreendedorismo-jovem-e-que-fazem-um-pais-avancar-ulisses-correia-e-silva","status":"publish","type":"post","link":"https:\/\/consultoria.cv\/en\/a-forca-da-juventude-e-do-empreendedorismo-jovem-e-que-fazem-um-pais-avancar-ulisses-correia-e-silva\/","title":{"rendered":"\u201cA for\u00e7a da juventude e do empreendedorismo jovem \u00e9 que fazem um pa\u00eds avan\u00e7ar\u201d \u2013 Ulisses Correia e Silva"},"content":{"rendered":"<div>\n<p>O Primeiro Ministro, Jos\u00e9 Ulisses Correia e Silva, disse hoje, em S. Vicente, que a atitude e a for\u00e7a dos jovens que apostam no empreendedorismo \u00e9 que faz o pa\u00eds avan\u00e7ar. \u201cTemos muitos jovens com talento e atitude empreendedora. A for\u00e7a da juventude, do empreendedorismo jovem, \u00e9 que faz um pa\u00eds avan\u00e7ar. E quando falo do sucesso do pa\u00eds, falo do sucesso individual e familiar de cada jovem\u201d, afirmou.<\/p>\n<p>O Chefe do Executivo fez essas declara\u00e7\u00f5es durante a conversar aberta com os jovens mindelenses sob o lema <em>Agarr\u00e1 bo oportunidade, Constru\u00ed bo futur<\/em>\u201d na qual estiveram presentes centenas de jovens formandos do Instituto do Emprego e Forma\u00e7\u00e3o Profissional, da Escola do Mar e da Escola de Hotelaria e Turismo de Cabo Verde no Tech Park do Mindelo.<\/p>\n<p>\u201cEstivemos em contacto com estes jovens, para os ouvir, mas acima de tudo, transmitir as pol\u00edticas p\u00fablicas do Governo, do ecossistema que integra assist\u00eancia t\u00e9cnica, qualifica\u00e7\u00e3o profissional, financiamento e fiscalidade favor\u00e1veis, orientados para o emprego e para o empreendedorismo, com muito sucesso em todo o pa\u00eds\u201d, esclareceu.<\/p>\n<p>Para Ulisses Correia e Silva, foi gratificante ouvir de viva voz os testemunhos dos jovens. \u201cAquilo que melhor retrata a efectividade e o sucesso destas pol\u00edticas \u00e9 poder ouvir aqueles que delas beneficiam, ouvir os depoimentos daqueles que aproveitaram as oportunidades, mas, ao mesmo tempo, dar a conhecer os instrumentos colocados \u00e0 disposi\u00e7\u00e3o dos jovens pelo Governo\u201d, sublinhou, adiantando que hoje, muitos jovens criam o seu pr\u00f3prio neg\u00f3cio, micro e pequenas empresas, start ups, criam rendimento e actividade econ\u00f3mica para eles, criam emprego para os outros.<\/p>\n<p>No encontro desta tarde, coube a Eurico Monteiro, Ministro da Promo\u00e7\u00e3o de Investimentos e Fomento Empresarial que na ocasi\u00e3o, apontou as proje\u00e7\u00f5es para mais de 11 mil benefici\u00e1rios na forma\u00e7\u00e3o profissional, em 2026, que incluem, 2.060 est\u00e1gios profissionais, 250 empresas apoiadas na contrata\u00e7\u00e3o e cerca de 2.000 projetos de empreendedorismo assistidos.<\/p>\n<p>\u00a0<\/p>\n<p>The post <a rel=\"nofollow\" href=\"https:\/\/www.governo.cv\/a-forca-da-juventude-e-do-empreendedorismo-jovem-e-que-fazem-um-pais-avancar-ulisses-correia-e-silva\/\" target=\"_blank\">\u201cA for\u00e7a da juventude e do empreendedorismo jovem \u00e9 que fazem um pa\u00eds avan\u00e7ar\u201d \u2013 Ulisses Correia e Silva<\/a> appeared first on <a rel=\"nofollow\" href=\"https:\/\/www.governo.cv\/\" target=\"_blank\">Government of Cape Verde<\/a>.<\/p>\n<\/div>","protected":false},"excerpt":{"rendered":"<p>O Primeiro Ministro, Jos\u00e9 Ulisses Correia e Silva, disse hoje, em S. Vicente, que a atitude e a for\u00e7a dos jovens que apostam no empreendedorismo \u00e9 que faz o pa\u00eds avan\u00e7ar. \u201cTemos muitos jovens com talento e atitude empreendedora. A for\u00e7a da juventude, do empreendedorismo jovem, \u00e9 que faz um pa\u00eds avan\u00e7ar. E quando falo [&hellip;]<\/p>\n","protected":false},"author":2,"featured_media":0,"comment_status":"closed","ping_status":"closed","sticky":false,"template":"","format":"standard","meta":{"_breakdance_hide_in_design_set":false,"_breakdance_tags":"","footnotes":""},"categories":[263],"tags":[264],"class_list":["post-3812","post","type-post","status-publish","format-standard","hentry","category-noticias","tag-noticias"],"_links":{"self":[{"href":"https:\/\/consultoria.cv\/en\/wp-json\/wp\/v2\/posts\/3812","targetHints":{"allow":["GET"]}}],"collection":[{"href":"https:\/\/consultoria.cv\/en\/wp-json\/wp\/v2\/posts"}],"about":[{"href":"https:\/\/consultoria.cv\/en\/wp-json\/wp\/v2\/types\/post"}],"author":[{"embeddable":true,"href":"https:\/\/consultoria.cv\/en\/wp-json\/wp\/v2\/users\/2"}],"replies":[{"embeddable":true,"href":"https:\/\/consultoria.cv\/en\/wp-json\/wp\/v2\/comments?post=3812"}],"version-history":[{"count":0,"href":"https:\/\/consultoria.cv\/en\/wp-json\/wp\/v2\/posts\/3812\/revisions"}],"wp:attachment":[{"href":"https:\/\/consultoria.cv\/en\/wp-json\/wp\/v2\/media?parent=3812"}],"wp:term":[{"taxonomy":"category","embeddable":true,"href":"https:\/\/consultoria.cv\/en\/wp-json\/wp\/v2\/categories?post=3812"},{"taxonomy":"post_tag","embeddable":true,"href":"https:\/\/consultoria.cv\/en\/wp-json\/wp\/v2\/tags?post=3812"}],"curies":[{"name":"wp","href":"https:\/\/api.w.org\/{rel}","templated":true}]}}