{"id":3810,"date":"2025-12-01T00:02:09","date_gmt":"2025-12-01T01:02:09","guid":{"rendered":"https:\/\/consultoria.cv\/governo-apresenta-medidas-de-apoio-as-familias-rurais-afetadas-pelas-ultimas-chuvas\/"},"modified":"2025-12-01T00:02:09","modified_gmt":"2025-12-01T01:02:09","slug":"governo-apresenta-medidas-de-apoio-as-familias-rurais-afetadas-pelas-ultimas-chuvas","status":"publish","type":"post","link":"https:\/\/consultoria.cv\/en\/governo-apresenta-medidas-de-apoio-as-familias-rurais-afetadas-pelas-ultimas-chuvas\/","title":{"rendered":"Governo apresenta medidas de apoio \u00e0s fam\u00edlias rurais afetadas pelas \u00faltimas chuvas"},"content":{"rendered":"<div>\n<p>O Governo realizou, hoje, uma confer\u00eancia de imprensa conjunta, com o Ministro da Fam\u00edlia, Inclus\u00e3o e Desenvolvimento Social, o Ministro das Infraestruturas, Ordenamento do Territ\u00f3rio e Habita\u00e7\u00e3o e o Ministro da Agricultura e Ambiente, para apresentar o Plano de Recupera\u00e7\u00e3o e Aumento da Resili\u00eancia nas zonas mais atingidas pelas chuvas intensas que assolaram, nos dias 13 e 14 de novembro, os munic\u00edpios de Tarrafal de Santiago, S\u00e3o Miguel, Santa Cruz e Santa Catarina e pela tempestade Erin que atingiu as ilhas de S\u00e3o Vicente, Santo Ant\u00e3o e S\u00e3o Nicolau.<\/p>\n<p>O Ministro da Agricultura e Ambiente, Gilberto Silva, apresentou o balan\u00e7o dos estragos provocados pelas chuvas intensas em 23 ribeiras de Santiago Norte e as medidas de interven\u00e7\u00e3o que o Governo vai implementar para apoiar as fam\u00edlias e recuperar a capacidade produtiva.<\/p>\n<p>A avalia\u00e7\u00e3o t\u00e9cnica no terreno, refor\u00e7ada por imagens de drone, revelou danos significativos: acessos destru\u00eddos, ribeiras e infraestruturas assoreadas, perda de dispositivos de conserva\u00e7\u00e3o de solos e \u00e1gua, danos em muros de prote\u00e7\u00e3o, po\u00e7os e motobombas, destrui\u00e7\u00e3o de reservat\u00f3rios, tubagens e sistemas de rega, al\u00e9m de terrenos agr\u00edcolas e culturas totalmente arrastados.<\/p>\n<p>Conforme adiantou Gilberto Silva, o Governo vai implementar um conjunto de medidas de emerg\u00eancia, complementares aos apoios sociais e financeiros j\u00e1 disponibilizados, visando repor rapidamente as infraestruturas hidroagr\u00edcolas, proteger as comunidades e garantir condi\u00e7\u00f5es para a retoma da atividade agr\u00edcola e pecu\u00e1ria.<\/p>\n<p>As interven\u00e7\u00f5es ser\u00e3o executadas pelo Minist\u00e9rio da Agricultura e Ambiente e incluem: reposi\u00e7\u00e3o de dispositivos anti-erosivos; reedifica\u00e7\u00e3o de infraestruturas de corre\u00e7\u00e3o torrencial; reinstala\u00e7\u00e3o de sistemas de irriga\u00e7\u00e3o; recupera\u00e7\u00e3o de po\u00e7os e furos, incluindo limpeza, desentupimento e abertura de um novo furo para refor\u00e7o dos pontos de \u00e1gua.<\/p>\n<p>O custo total previsto para estas a\u00e7\u00f5es \u00e9 de 1.123.445.000 ECV, um investimento essencial para restaurar a seguran\u00e7a h\u00eddrica e a capacidade produtiva das fam\u00edlias agr\u00edcolas, reduzir riscos de novas inunda\u00e7\u00f5es e fortalecer a resili\u00eancia das comunidades face aos eventos clim\u00e1ticos extremos.<\/p>\n<p>O Minist\u00e9rio reafirma o compromisso de trabalhar ao lado das fam\u00edlias, garantindo que a recupera\u00e7\u00e3o aconte\u00e7a com rapidez, seguran\u00e7a e sustentabilidade.<\/p>\n<p>The post <a rel=\"nofollow\" href=\"https:\/\/www.governo.cv\/governo-apresenta-medidas-de-apoio-as-familias-rurais-afetadas-pelas-ultimas-chuvas\/\" target=\"_blank\">Governo apresenta medidas de apoio \u00e0s fam\u00edlias rurais afetadas pelas \u00faltimas chuvas<\/a> appeared first on <a rel=\"nofollow\" href=\"https:\/\/www.governo.cv\/\" target=\"_blank\">Government of Cape Verde<\/a>.<\/p>\n<\/div>","protected":false},"excerpt":{"rendered":"<p>O Governo realizou, hoje, uma confer\u00eancia de imprensa conjunta, com o Ministro da Fam\u00edlia, Inclus\u00e3o e Desenvolvimento Social, o Ministro das Infraestruturas, Ordenamento do Territ\u00f3rio e Habita\u00e7\u00e3o e o Ministro da Agricultura e Ambiente, para apresentar o Plano de Recupera\u00e7\u00e3o e Aumento da Resili\u00eancia nas zonas mais atingidas pelas chuvas intensas que assolaram, nos dias [&hellip;]<\/p>\n","protected":false},"author":2,"featured_media":0,"comment_status":"closed","ping_status":"closed","sticky":false,"template":"","format":"standard","meta":{"_breakdance_hide_in_design_set":false,"_breakdance_tags":"","footnotes":""},"categories":[263],"tags":[264],"class_list":["post-3810","post","type-post","status-publish","format-standard","hentry","category-noticias","tag-noticias"],"_links":{"self":[{"href":"https:\/\/consultoria.cv\/en\/wp-json\/wp\/v2\/posts\/3810","targetHints":{"allow":["GET"]}}],"collection":[{"href":"https:\/\/consultoria.cv\/en\/wp-json\/wp\/v2\/posts"}],"about":[{"href":"https:\/\/consultoria.cv\/en\/wp-json\/wp\/v2\/types\/post"}],"author":[{"embeddable":true,"href":"https:\/\/consultoria.cv\/en\/wp-json\/wp\/v2\/users\/2"}],"replies":[{"embeddable":true,"href":"https:\/\/consultoria.cv\/en\/wp-json\/wp\/v2\/comments?post=3810"}],"version-history":[{"count":0,"href":"https:\/\/consultoria.cv\/en\/wp-json\/wp\/v2\/posts\/3810\/revisions"}],"wp:attachment":[{"href":"https:\/\/consultoria.cv\/en\/wp-json\/wp\/v2\/media?parent=3810"}],"wp:term":[{"taxonomy":"category","embeddable":true,"href":"https:\/\/consultoria.cv\/en\/wp-json\/wp\/v2\/categories?post=3810"},{"taxonomy":"post_tag","embeddable":true,"href":"https:\/\/consultoria.cv\/en\/wp-json\/wp\/v2\/tags?post=3810"}],"curies":[{"name":"wp","href":"https:\/\/api.w.org\/{rel}","templated":true}]}}