{"id":3769,"date":"2025-11-01T00:08:24","date_gmt":"2025-11-01T01:08:24","guid":{"rendered":"https:\/\/consultoria.cv\/huan-acolhe-jornada-cientifica-dedicada-ao-dia-mundial-do-acidente-vascular-cerebral-sob-o-lema-no-avc-cada-minuto-conta\/"},"modified":"2025-11-01T00:08:24","modified_gmt":"2025-11-01T01:08:24","slug":"huan-acolhe-jornada-cientifica-dedicada-ao-dia-mundial-do-acidente-vascular-cerebral-sob-o-lema-no-avc-cada-minuto-conta","status":"publish","type":"post","link":"https:\/\/consultoria.cv\/en\/huan-acolhe-jornada-cientifica-dedicada-ao-dia-mundial-do-acidente-vascular-cerebral-sob-o-lema-no-avc-cada-minuto-conta\/","title":{"rendered":"HUAN acolhe Jornada Cient\u00edfica dedicada ao Dia Mundial do Acidente Vascular Cerebral sob o lema \u201cNo AVC, cada minuto conta\u201d"},"content":{"rendered":"<div>\n<p>Em Cabo Verde, dados apontam que o AVC, \u00e9 a principal causa de morte, respons\u00e1vel por perdas humanas evit\u00e1veis, incapacidades prolongadas e tem um impacto social e econ\u00f3mico que se faz sentir em todas as fam\u00edlias e comunidades do pa\u00eds. Em consequ\u00eancia \u00e9 uma trag\u00e9dia m\u00e9dica e um grande desafio ao desenvolvimento de Cabo Verde.<\/p>\n<p>Esta realidade \u00e9 destacada pelo Ministro da Sa\u00fade, Jorge Figueiredo, na abertura da Jornada Cient\u00edfica, dedicada ao Dia Mundial do Acidente Vascular Cerebral 2025 sob o lema <em>\u201c No AVC, cada minuto conta<\/em>\u201d.<\/p>\n<p>Segundo o Ministro da Sa\u00fade, o Governo de Cabo Verde, atrav\u00e9s do Minist\u00e9rio da Sa\u00fade, tem assumido como prioridade a consolida\u00e7\u00e3o e o fortalecimento da resposta nacional \u00e0s doen\u00e7as n\u00e3o transmiss\u00edveis, com particular enfoque nas doen\u00e7as cerebrovasculares, com o objetivo de reduzir a mortalidade e a incapacidade funcional associados a estas patologias.<\/p>\n<p>Jorge Figueiredo, destacando algum progresso cient\u00edfico, diz que com o apoio de parceiros internacionais, introduziu-se com sucesso a tromb\u00f3lise endovenosa, cujo primeiro caso foi realizado a 15 de junho de 2020 no HUAN e, desde ent\u00e3o, 30 doentes j\u00e1 beneficiaram desta terapia, metade recuperou totalmente ou quase totalmente.<\/p>\n<p>Desde de 2020, Cabo Verde tem implementado a Via Verde do AVC (VVAVC), uma estrat\u00e9gia que articula a resposta pr\u00e9-hospitalar, hospitalar e inter-hospitalar, permitindo melhoria no acesso, equidade e efic\u00e1cia do sistema. Para Jorge Figueiredo a proposta \u00e9 que a VVAVC seja gradualmente expandida a outros hospitais centrais e regionais, dotando-os de meios diagn\u00f3sticos e equipas de interven\u00e7\u00e3o, nomeadamente a tomografia axial computorizada(TAC), o do doppler cervical, os protocolos cl\u00ednicos e a comunica\u00e7\u00e3o digital entre unidades, com o objetivo de reduzir a mortalidade por AVC e a redu\u00e7\u00e3o autonomia funcional.<\/p>\n<p>Apesar dos avan\u00e7os, o Ministro da Sa\u00fade admite desafios e elenca passos a serem dados na consolida\u00e7\u00e3o de respostas em rede, amplia\u00e7\u00e3o da capacidade diagn\u00f3stica, investimento na forma\u00e7\u00e3o continua, e para um futuro pr\u00f3ximo, aponta a cria\u00e7\u00e3o da primeira Unidade de AVC no HUAN, um espa\u00e7o multidisciplinar, que vai permitir o internamento, monitoriza\u00e7\u00e3o e reabilita\u00e7\u00e3o precoce de doentes com AVC, reduzindo significativamente as evacua\u00e7\u00f5es m\u00e9dicas para Portugal.<\/p>\n<p>O titular da pasta da sa\u00fade reafirma o compromisso do Minist\u00e9rio na preven\u00e7\u00e3o \u00a0\u00a0e na literacia em sa\u00fade, integrando campanhas de sensibiliza\u00e7\u00e3o sobre AVC, para que cada cabo-verdiano saiba reconhecer os sinais de alerta e pedir imediatamente a ajuda.<\/p>\n<p>O Workshop acontece numa altura em que as doen\u00e7as n\u00e3o transmiss\u00edveis, em particular as doen\u00e7as cardiovasculares e cerebrovasculares, representam o maior desafio da sa\u00fade p\u00fablica mundial e cabo-verdiana, e re\u00fane m\u00e9dicos, enfermeiros, fisioterapeutas ocupacionais, psic\u00f3logos e v\u00e1rios outros profissionais, para debate de temas sobre a preval\u00eancia e tratamento do AVC, partilha de experi\u00eancias com especialistas de Portugal e refor\u00e7o de pontes de coopera\u00e7\u00e3o cientifica e t\u00e9cnica.<\/p>\n<p>A n\u00edvel mundial, o AVC \u00e9, de acordo com a Organiza\u00e7\u00e3o Mundial de Saude (OMS), a segunda causa de morte no mundo e respons\u00e1vel por cerca de 6 milh\u00f5es de mortes anuais globalmente.<\/p>\n<p>The post <a rel=\"nofollow\" href=\"https:\/\/www.governo.cv\/huan-acolhe-jornada-cientifica-dedicada-ao-dia-mundial-do-acidente-vascular-cerebral-sob-o-lema-no-avc-cada-minuto-conta\/\" target=\"_blank\">HUAN acolhe Jornada Cient\u00edfica dedicada ao Dia Mundial do Acidente Vascular Cerebral sob o lema \u201cNo AVC, cada minuto conta\u201d<\/a> appeared first on <a rel=\"nofollow\" href=\"https:\/\/www.governo.cv\/\" target=\"_blank\">Government of Cape Verde<\/a>.<\/p>\n<\/div>","protected":false},"excerpt":{"rendered":"<p>Em Cabo Verde, dados apontam que o AVC, \u00e9 a principal causa de morte, respons\u00e1vel por perdas humanas evit\u00e1veis, incapacidades prolongadas e tem um impacto social e econ\u00f3mico que se faz sentir em todas as fam\u00edlias e comunidades do pa\u00eds. Em consequ\u00eancia \u00e9 uma trag\u00e9dia m\u00e9dica e um grande desafio ao desenvolvimento de Cabo Verde. [&hellip;]<\/p>\n","protected":false},"author":2,"featured_media":0,"comment_status":"closed","ping_status":"closed","sticky":false,"template":"","format":"standard","meta":{"_breakdance_hide_in_design_set":false,"_breakdance_tags":"","footnotes":""},"categories":[263],"tags":[264],"class_list":["post-3769","post","type-post","status-publish","format-standard","hentry","category-noticias","tag-noticias"],"_links":{"self":[{"href":"https:\/\/consultoria.cv\/en\/wp-json\/wp\/v2\/posts\/3769","targetHints":{"allow":["GET"]}}],"collection":[{"href":"https:\/\/consultoria.cv\/en\/wp-json\/wp\/v2\/posts"}],"about":[{"href":"https:\/\/consultoria.cv\/en\/wp-json\/wp\/v2\/types\/post"}],"author":[{"embeddable":true,"href":"https:\/\/consultoria.cv\/en\/wp-json\/wp\/v2\/users\/2"}],"replies":[{"embeddable":true,"href":"https:\/\/consultoria.cv\/en\/wp-json\/wp\/v2\/comments?post=3769"}],"version-history":[{"count":0,"href":"https:\/\/consultoria.cv\/en\/wp-json\/wp\/v2\/posts\/3769\/revisions"}],"wp:attachment":[{"href":"https:\/\/consultoria.cv\/en\/wp-json\/wp\/v2\/media?parent=3769"}],"wp:term":[{"taxonomy":"category","embeddable":true,"href":"https:\/\/consultoria.cv\/en\/wp-json\/wp\/v2\/categories?post=3769"},{"taxonomy":"post_tag","embeddable":true,"href":"https:\/\/consultoria.cv\/en\/wp-json\/wp\/v2\/tags?post=3769"}],"curies":[{"name":"wp","href":"https:\/\/api.w.org\/{rel}","templated":true}]}}