{"id":3768,"date":"2025-11-01T00:07:23","date_gmt":"2025-11-01T01:07:23","guid":{"rendered":"https:\/\/consultoria.cv\/discurso-do-primeiro-ministro-no-debate-parlamentar-sobre-sustentabilidade-energetica-perspetivas-para-a-reconstrucao-de-um-cabo-verde-para-todos\/"},"modified":"2025-11-01T00:07:23","modified_gmt":"2025-11-01T01:07:23","slug":"discurso-do-primeiro-ministro-no-debate-parlamentar-sobre-sustentabilidade-energetica-perspetivas-para-a-reconstrucao-de-um-cabo-verde-para-todos","status":"publish","type":"post","link":"https:\/\/consultoria.cv\/en\/discurso-do-primeiro-ministro-no-debate-parlamentar-sobre-sustentabilidade-energetica-perspetivas-para-a-reconstrucao-de-um-cabo-verde-para-todos\/","title":{"rendered":"Discurso do Primeiro Ministro no debate parlamentar sobre \u201cSustentabilidade Energ\u00e9tica: Perspetivas para a Reconstru\u00e7\u00e3o de um Cabo Verde para Todos\u201d"},"content":{"rendered":"<div>\n<p><em>Senhor Presidente da Assembleia Nacional<\/em><\/p>\n<p><em>Senhores Membros do Governo<\/em><\/p>\n<p><em>Senhoras e Senhores Deputados<\/em><\/p>\n<p>\u00a0<\/p>\n<p><strong>Desde 2016, o pa\u00eds tem sido exposto a graves crises <\/strong>derivados de choques externos clim\u00e1ticos, sanit\u00e1rios e econ\u00f3micos.<\/p>\n<p><strong>Durante este percurso, registamos tamb\u00e9m momentos cr\u00edticos<\/strong> nos servi\u00e7os de transportes inter-ilhas e de eletricidade.<\/p>\n<p>Em todas essas situa\u00e7\u00f5es, soubemos reagir, gerir e implementar solu\u00e7\u00f5es.<\/p>\n<p><strong>Perante graves crises<\/strong>, protegemos as pessoas, recuperamos e relan\u00e7amos a economia.<\/p>\n<p><strong>Perante situa\u00e7\u00f5es cr\u00edticas registadas nos transportes inter-ilhas<\/strong>, estabilizamos os transportes mar\u00edtimos e os transportes a\u00e9reos.<\/p>\n<p><strong>Perante situa\u00e7\u00f5es cr\u00edticas registadas nos servi\u00e7os de eletricidade<\/strong> na Cidade da Praia, estabilizamos a oferta de eletricidade sem ocorr\u00eancia de cortes nas \u00faltimas semanas.<\/p>\n<p><strong>A capacidade nominal instalada na Central de Palmarejo<\/strong> (8 grupos geradores) \u00e9 de <strong>70 MW<\/strong>, superior \u00e0 demanda m\u00e1xima atual, que \u00e9 de <strong>40 MW<\/strong>.<\/p>\n<p><strong>Os cortes de fornecimento de eletricidade registados derivam de sistem\u00e1ticas avarias<\/strong> em grupos de geradores e n\u00e3o de d\u00e9fice de capacidade instalada face \u00e0 procura.<\/p>\n<p><strong>Estamos cientes dos elevados preju\u00edzos e inc\u00f3modos que os cortes de eletricidade provocam <\/strong>nas pessoas, nas empresas e em outras organiza\u00e7\u00f5es.<\/p>\n<p><strong>Medidas foram tomadas e continuam a ser tomadas<\/strong> para a estabilizar e normalizar o servi\u00e7o de eletricidade.<\/p>\n<p><strong>Concomitantemente com os trabalhos de recupera\u00e7\u00e3o dos grupos geradores, est\u00e3o em curso a\u00e7\u00f5es de investiga\u00e7\u00e3o das avarias na Central de Palmarejo<\/strong>: investiga\u00e7\u00e3o t\u00e9cnica, investiga\u00e7\u00e3o criminal e investiga\u00e7\u00e3o cibern\u00e9tica, face \u00e0 situa\u00e7\u00e3o anormal de ocorr\u00eancias e de tipologia das avarias registadas.<\/p>\n<p>\u00a0<\/p>\n<p><em>Senhor Presidente da Assembleia Nacional<\/em><\/p>\n<p><em>Senhoras e Senhores Deputados<\/em><\/p>\n<p>\u00a0<\/p>\n<p><strong>Definimos como objetivo a<\/strong><strong>umentar a produ\u00e7\u00e3o de eletricidade atrav\u00e9s de Energia Renov\u00e1vel, limpa, segura e a pre\u00e7os acess\u00edveis<\/strong>: superior a <strong>30%<\/strong> em 2026, mais de <strong>50%<\/strong> em 2030 e mais de <strong>80%<\/strong> em 2040.<\/p>\n<p><strong>Este \u00e9 um grande compromisso do pa\u00eds para com a sustentabilidade energ\u00e9tica<\/strong>, com impactos econ\u00f3micos, sociais e clim\u00e1ticos importantes.<\/p>\n<p><strong>No pr\u00f3ximo ano atingiremos mais de<\/strong> <strong>35%<\/strong> de penetra\u00e7\u00e3o de energia renov\u00e1vel.<\/p>\n<p><strong>Investimentos realizados e em execu\u00e7\u00e3o v\u00e3o dotar todas as ilhas de parques solares<\/strong>. Ir\u00e3o refor\u00e7ar a capacidade de produ\u00e7\u00e3o e de armazenagem de energia.<\/p>\n<p><strong>Em Santiago<\/strong>, com a substitui\u00e7\u00e3o dos pain\u00e9is do parque solar de Palmarejo por outros mais eficientes, com o parque solar de Ribeira Grande, com as baterias, e com o aumento da capacidade de produ\u00e7\u00e3o e armazenagem de energia e\u00f3lica, a capacidade de produ\u00e7\u00e3o de energia renov\u00e1vel passar\u00e1 de <strong>13.8 MW<\/strong> to <strong>42 MW<\/strong>. A taxa de penetra\u00e7\u00e3o passar\u00e1 de <strong>14%<\/strong> to <strong>40%<\/strong>.<\/p>\n<p><strong>Com a Central de Bombagem H\u00eddrica de Santiago<\/strong>, um investimento de <strong>79 milh\u00f5es de euros<\/strong>, aumentar\u00e1 significativamente a capacidade de armazenamento de energia para viabilizar maior penetra\u00e7\u00e3o de energias renov\u00e1veis na rede el\u00e9trica.<\/p>\n<p><strong>Estes investimentos s\u00e3o estruturantes para a sustentabilidade energ\u00e9tica<\/strong> do pa\u00eds.<\/p>\n<p><strong>Assim como s\u00e3o estruturantes os investimentos na efici\u00eancia energ\u00e9tica<\/strong> com a implementa\u00e7\u00e3o de Sistemas de Gest\u00e3o e Tecnologias Eficientes, a iniciativa 100% LED na ilumina\u00e7\u00e3o p\u00fablica e a necessidade de redu\u00e7\u00e3o substancial das perdas comerciais derivadas do roubo de energia.<\/p>\n<p><strong>Gra\u00e7as aos incentivos fiscais e financeiros \u00e0s empresas e \u00e0s fam\u00edlias<\/strong>, a micro produ\u00e7\u00e3o e a auto produ\u00e7\u00e3o de energia renov\u00e1vel aumentaram significativamente nos \u00faltimos 7 anos.<\/p>\n<p><strong>Definimos como objetivo, refor\u00e7ar o<\/strong> <strong>nexo entre a \u00e1gua e as energias renov\u00e1veis<\/strong>, com impacto na sustentabilidade, efici\u00eancia e redu\u00e7\u00e3o dos custos de energia associados \u00e0 produ\u00e7\u00e3o e distribui\u00e7\u00e3o de \u00e1gua.<\/p>\n<p><strong>\u00c9 o que est\u00e1 a acontecer com os projetos de dessaliniza\u00e7\u00e3o da \u00e1gua para a agricultura<\/strong> com suporte de parques solares; com o equipamento de furos de \u00e1gua para rega com sistemas fotovoltaicos; com a central dessalinizadora de \u00e1gua para consumo humano a Brava, 100% alimentada por energia renov\u00e1vel.<\/p>\n<p><strong>At\u00e9 \u00e0 transi\u00e7\u00e3o energ\u00e9tica completa, continuamos a investir na energia convencional<\/strong> para evitar d\u00e9fices de capacidade instalada de produ\u00e7\u00e3o face ao aumento da procura e evitar disrup\u00e7\u00f5es no fornecimento do servi\u00e7o de eletricidade.<\/p>\n<p>\u00c9 o que acontece com:<\/p>\n<ul>\n<li>a <strong>Nova Central El\u00e9trica Palmeira<\/strong>, do Sal, um investimento de 3.3 milh\u00f5es de contos;<\/li>\n<li>a <strong>reabilita\u00e7\u00e3o e expans\u00e3o da Central El\u00e9trica da Brava<\/strong>, um investimento de 50 mil contos;<\/li>\n<li>a <strong>r<\/strong><strong>eabilita\u00e7\u00e3o da Rede Media Tens\u00e3o Nova Sintra<\/strong>;<\/li>\n<li>a <strong>adjudica\u00e7\u00e3o de contrato para o r<\/strong><strong>efor\u00e7o capacidade t\u00e9rmica ilha do Maio<\/strong>, um investimento de 50 mil contos;<\/li>\n<li>a <strong>adjudica\u00e7\u00e3o de contrato para o r<\/strong><strong>efor\u00e7o capacidade t\u00e9rmica ilha do Fogo<\/strong>, um investimento de 110 mil contos;<\/li>\n<li><strong>refor\u00e7o da capacidade t\u00e9rmica ilha S. Nicolau<\/strong>, investimento de 80 mil contos (<u>em curso<\/u>);<\/li>\n<li><strong>recupera\u00e7\u00e3o de grupos geradores inoperacionais em todas as ilhas<\/strong>, num investimento de 340 mil contos, em curso.<\/li>\n<\/ul>\n<p>\u00a0<\/p>\n<p><em>Senhor Presidente da Assembleia Nacional<\/em><\/p>\n<p><em>Senhoras e Senhores Deputados<\/em><\/p>\n<p><strong>Definimos como objetivo atingir 100% no acesso domicili\u00e1rio a eletricidade, at\u00e9 2026<\/strong>.<\/p>\n<p><strong>Em 2015, a taxa de acesso \u00e0 eletricidade era de 86%. Em 2024, essa taxa situou-se em 98%<\/strong>. Estamos pr\u00f3ximos de atingir o objetivo!<\/p>\n<p><strong>\u00c9 para todos terem acesso \u00e0 eletricidade que<\/strong>:<\/p>\n<ul>\n<li><strong>Investimos 400 mil contos em eletrifica\u00e7\u00e3o rural<\/strong>, levando luz a localidades que nunca antes tiveram.<\/li>\n<li><strong>Investimos e temos em execu\u00e7\u00e3o, 300 mil contos em extens\u00e3o de redes, micro redes e kits solares<\/strong> para beneficiar fam\u00edlias que vivem em zonas isoladas e dispersas.<\/li>\n<li><strong>Criamos a tarifa social de eletricidade<\/strong> que beneficia mais de 17.000 fam\u00edlias com um desconto de 50% sobre o valor da fatura de eletricidade.<\/li>\n<li><strong>Reduzimos o IVA sobre a eletricidade de 15 para 8%<\/strong>, beneficiando mais de 148.000 pessoas.<\/li>\n<li><strong>Afetamos avultados recursos do Fundo do Ambiente em redes de \u00e1gua, esgoto e eletricidade e liga\u00e7\u00f5es<\/strong> a casas de milhares de fam\u00edlias de baixo rendimento para terem acesso a esses bens b\u00e1sicos.<\/li>\n<\/ul>\n<p><strong>O pa\u00eds foi dotado de um <\/strong><strong>Plano Diretor do Setor El\u00e9trico 2018-2040 e do Programa Nacional de Sustentabilidade Energ\u00e9tica 2021\/2026<\/strong> que orienta as reformas, as pol\u00edticas e os investimentos, numa perspetiva consistente de m\u00e9dio e longo prazo, e d\u00e1 credibilidade e confian\u00e7a junto dos parceiros de desenvolvimento e dos investidores. \u00c9 por isso que os investimentos acontecem e v\u00e3o continuar a acontecer.<\/p>\n<p>Gerimos as conting\u00eancias e os momentos cr\u00edticos, resolvemos problemas, sem perder de vista os objetivos do desenvolvimento sustent\u00e1vel e os caminhos para l\u00e1 chegar.<\/p>\n<p>Muito obrigado.<\/p>\n<p>The post <a rel=\"nofollow\" href=\"https:\/\/www.governo.cv\/discurso-do-primeiro-ministro-jose-ulisses-correia-e-silva-na-sessao-ordinaria-sobre-sustentabilidade-energetica-perspetivas-para-a-reconstrucao-de-um-cabo-verde-para-todos-29-de-ou\/\" target=\"_blank\">Discurso do Primeiro Ministro no debate parlamentar sobre \u201cSustentabilidade Energ\u00e9tica: Perspetivas para a Reconstru\u00e7\u00e3o de um Cabo Verde para Todos\u201d<\/a> appeared first on <a rel=\"nofollow\" href=\"https:\/\/www.governo.cv\/\" target=\"_blank\">Government of Cape Verde<\/a>.<\/p>\n<\/div>","protected":false},"excerpt":{"rendered":"<p>Senhor Presidente da Assembleia Nacional Senhores Membros do Governo Senhoras e Senhores Deputados \u00a0 Desde 2016, o pa\u00eds tem sido exposto a graves crises derivados de choques externos clim\u00e1ticos, sanit\u00e1rios e econ\u00f3micos. Durante este percurso, registamos tamb\u00e9m momentos cr\u00edticos nos servi\u00e7os de transportes inter-ilhas e de eletricidade. Em todas essas situa\u00e7\u00f5es, soubemos reagir, gerir e [&hellip;]<\/p>\n","protected":false},"author":2,"featured_media":0,"comment_status":"closed","ping_status":"closed","sticky":false,"template":"","format":"standard","meta":{"_breakdance_hide_in_design_set":false,"_breakdance_tags":"","footnotes":""},"categories":[263],"tags":[264],"class_list":["post-3768","post","type-post","status-publish","format-standard","hentry","category-noticias","tag-noticias"],"_links":{"self":[{"href":"https:\/\/consultoria.cv\/en\/wp-json\/wp\/v2\/posts\/3768","targetHints":{"allow":["GET"]}}],"collection":[{"href":"https:\/\/consultoria.cv\/en\/wp-json\/wp\/v2\/posts"}],"about":[{"href":"https:\/\/consultoria.cv\/en\/wp-json\/wp\/v2\/types\/post"}],"author":[{"embeddable":true,"href":"https:\/\/consultoria.cv\/en\/wp-json\/wp\/v2\/users\/2"}],"replies":[{"embeddable":true,"href":"https:\/\/consultoria.cv\/en\/wp-json\/wp\/v2\/comments?post=3768"}],"version-history":[{"count":0,"href":"https:\/\/consultoria.cv\/en\/wp-json\/wp\/v2\/posts\/3768\/revisions"}],"wp:attachment":[{"href":"https:\/\/consultoria.cv\/en\/wp-json\/wp\/v2\/media?parent=3768"}],"wp:term":[{"taxonomy":"category","embeddable":true,"href":"https:\/\/consultoria.cv\/en\/wp-json\/wp\/v2\/categories?post=3768"},{"taxonomy":"post_tag","embeddable":true,"href":"https:\/\/consultoria.cv\/en\/wp-json\/wp\/v2\/tags?post=3768"}],"curies":[{"name":"wp","href":"https:\/\/api.w.org\/{rel}","templated":true}]}}