{"id":3608,"date":"2025-10-01T12:06:27","date_gmt":"2025-10-01T13:06:27","guid":{"rendered":"https:\/\/consultoria.cv\/ministro-das-financas-de-cabo-verde-sob-investigacao-eco\/"},"modified":"2025-10-01T12:06:27","modified_gmt":"2025-10-01T13:06:27","slug":"ministro-das-financas-de-cabo-verde-sob-investigacao-eco","status":"publish","type":"post","link":"https:\/\/consultoria.cv\/en\/ministro-das-financas-de-cabo-verde-sob-investigacao-eco\/","title":{"rendered":"Ministro das Finan\u00e7as de Cabo Verde sob investiga\u00e7\u00e3o &#8211; ECO"},"content":{"rendered":"<div><a href=\"https:\/\/news.google.com\/rss\/articles\/CBMijAFBVV95cUxPYlR6bUlOc21WSnN6VkVPQ25NbUt4UFFac1JlOVZmSWhkTG9QcThtSVVOemxnejFaU1RvZm5LLW5pT21YcjJDNEkxbXpDR2psUGVpZktOLTNzdjVnZVZLdVhmeHVVN2g4VG1CY19laE5MUElIOW4wWXduOGxKREdEVkJnS2FRMnloMUd4QQ?oc=5\" target=\"_blank\" rel=\"noopener noreferrer nofollow\">Ministro das Finan\u00e7as de Cabo Verde sob investiga\u00e7\u00e3o<\/a>\u00a0\u00a0<font color=\"#6f6f6f\">ECO<\/font><\/div>","protected":false},"excerpt":{"rendered":"<p>Ministro das Finan\u00e7as de Cabo Verde sob investiga\u00e7\u00e3o\u00a0\u00a0ECO<\/p>","protected":false},"author":2,"featured_media":0,"comment_status":"closed","ping_status":"closed","sticky":false,"template":"","format":"standard","meta":{"_breakdance_hide_in_design_set":false,"_breakdance_tags":"","footnotes":""},"categories":[263],"tags":[264],"class_list":["post-3608","post","type-post","status-publish","format-standard","hentry","category-noticias","tag-noticias"],"_links":{"self":[{"href":"https:\/\/consultoria.cv\/en\/wp-json\/wp\/v2\/posts\/3608","targetHints":{"allow":["GET"]}}],"collection":[{"href":"https:\/\/consultoria.cv\/en\/wp-json\/wp\/v2\/posts"}],"about":[{"href":"https:\/\/consultoria.cv\/en\/wp-json\/wp\/v2\/types\/post"}],"author":[{"embeddable":true,"href":"https:\/\/consultoria.cv\/en\/wp-json\/wp\/v2\/users\/2"}],"replies":[{"embeddable":true,"href":"https:\/\/consultoria.cv\/en\/wp-json\/wp\/v2\/comments?post=3608"}],"version-history":[{"count":0,"href":"https:\/\/consultoria.cv\/en\/wp-json\/wp\/v2\/posts\/3608\/revisions"}],"wp:attachment":[{"href":"https:\/\/consultoria.cv\/en\/wp-json\/wp\/v2\/media?parent=3608"}],"wp:term":[{"taxonomy":"category","embeddable":true,"href":"https:\/\/consultoria.cv\/en\/wp-json\/wp\/v2\/categories?post=3608"},{"taxonomy":"post_tag","embeddable":true,"href":"https:\/\/consultoria.cv\/en\/wp-json\/wp\/v2\/tags?post=3608"}],"curies":[{"name":"wp","href":"https:\/\/api.w.org\/{rel}","templated":true}]}}