{"id":3602,"date":"2025-10-01T00:02:39","date_gmt":"2025-10-01T01:02:39","guid":{"rendered":"https:\/\/consultoria.cv\/discurso-de-s-e-o-primeiro-ministro-na-80a-sessao-da-assembleia-geral-das-nacoes-unidas\/"},"modified":"2025-10-01T00:02:39","modified_gmt":"2025-10-01T01:02:39","slug":"discurso-de-s-e-o-primeiro-ministro-na-80a-sessao-da-assembleia-geral-das-nacoes-unidas","status":"publish","type":"post","link":"https:\/\/consultoria.cv\/en\/discurso-de-s-e-o-primeiro-ministro-na-80a-sessao-da-assembleia-geral-das-nacoes-unidas\/","title":{"rendered":"Discurso de S E o Primeiro Ministro na 80\u00aa Sess\u00e3o da Assembleia Geral das Na\u00e7\u00f5es Unidas"},"content":{"rendered":"<div>\n<p><em>Senhora Presidente da 80\u00aa Sess\u00e3o da Assembleia Geral,<\/em><\/p>\n<p><em>Senhor Secret\u00e1rio-Geral das Na\u00e7\u00f5es Unidas,<\/em><\/p>\n<p><em>Excel\u00eancias,<\/em><\/p>\n<p><em>\u00a0<\/em><\/p>\n<p>\u00c9 com enorme honra que tomo a palavra nesta\u00a0Magna Assembleia, em nome do povo e do Governo de Cabo Verde, nesta sess\u00e3o em que celebramos os 80 anos das Na\u00e7\u00f5es Unidas.<\/p>\n<p><strong>O\u00a080\u00ba anivers\u00e1rio\u00a0da nossa Organiza\u00e7\u00e3o acontece em tempos turbulentos\u00a0<\/strong>marcados por:<\/p>\n<ul>\n<li>guerras e conflitosarmados devastadores;<\/li>\n<li>crises humanit\u00e1rias de enorme magnitude;<\/li>\n<li>expans\u00e3o do populismo e do extremismo.<\/li>\n<\/ul>\n<p>Este mundo turbulento assiste impotente \u00e0 acelera\u00e7\u00e3o das altera\u00e7\u00f5es clim\u00e1ticas, amea\u00e7ando o Planeta Terra e a Humanidade.<\/p>\n<p><strong>Nenhum pa\u00eds esta imune a este movimento disruptivo<\/strong> que avan\u00e7a com o impulso do exerc\u00edcio do poder absoluto, da provoca\u00e7\u00e3o e explora\u00e7\u00e3o de fraturas sociais e da ideologia da p\u00f3s-verdade.<\/p>\n<p><strong>\u00c9 este mundo turbulento que exige uma Organiza\u00e7\u00e3o das Na\u00e7\u00f5es Unidas empoderada<\/strong> enquanto reguladora global. Ela s\u00f3 \u00e9 eficaz, se resultar da vontade politica dos pa\u00edses que a comp\u00f5em.<\/p>\n<p><strong>Neste contexto, gostaria de\u00a0enaltecer a\u00a0Iniciativa UN80, lan\u00e7ada pelo Secret\u00e1rio-Geral Ant\u00f3nio Guterres<\/strong>, como um espa\u00e7o de reflex\u00e3o e de renova\u00e7\u00e3o do multilateralismo; de mobiliza\u00e7\u00e3o da vontade pol\u00edtica para a paz, o desenvolvimento sustent\u00e1vel e os Direitos Humanos.<\/p>\n<p>\u2014***\u2014<\/p>\n<p><strong>Cabo Verde sa\u00fada a<\/strong>\u00a0<strong>revitaliza\u00e7\u00e3o da Comiss\u00e3o sobre a Situa\u00e7\u00e3o da Mulher,<\/strong> instrumento central para a promo\u00e7\u00e3o da igualdade de g\u00e9nero no sistema multilateral.<\/p>\n<p><strong>Acreditamos que a\u00a0acelera\u00e7\u00e3o dos Objetivos de Desenvolvimento Sustent\u00e1vel\u00a0depende do empoderamento da Mulher.\u00a0<\/strong>Continuaremos a ser firmes defensores desta causa, dentro e fora das Na\u00e7\u00f5es Unidas.<\/p>\n<p><strong>Defendemos a urgente e\u00a0necess\u00e1ria reforma do Conselho de Seguran\u00e7a<\/strong>, em conformidade com o posicionamento da \u00c1frica.<\/p>\n<p><strong>A\u00a0Cimeira do Futuro\u00a0oferece-nos uma oportunidade \u00fanica para refor\u00e7ar o compromisso com os ODS.\u00a0<\/strong>Mais do que metas globais, \u00e9 a dignidade humana de milh\u00f5es de pessoas que est\u00e1 em causa. Pessoas concretas, filhos de Deus, vivendo em pa\u00edses concretos.<\/p>\n<p><strong>Atuando em m\u00faltiplas dimens\u00f5es, reconhecemos a import\u00e2ncia e a pertin\u00eancia do<\/strong>\u00a0<strong>Pacto Global para a Digitaliza\u00e7\u00e3o\u00a0<\/strong>para o acesso equitativo \u00e0s tecnologias digitais e \u00e0 intelig\u00eancia artificial.<\/p>\n<p>\u2014***\u2014<\/p>\n<p><em>Excel\u00eancias<\/em>,<\/p>\n<p><strong>Cabo Verde \u00e9 um\u00a0SIDS\u00a0ativo, din\u00e2mico e comprometido com a agenda multilateral<\/strong>. Exercemos atualmente a vice-presid\u00eancia da AOSIS.<\/p>\n<p><strong>Particip\u00e1mos ativamente na 3\u00aa Confer\u00eancia dos\u00a0Oceanos<\/strong>.\u00a0 Fomos escolhidos para co-facilitar, juntamente com a Austr\u00e1lia, as negocia\u00e7\u00f5es que conduziram \u00e0 Declara\u00e7\u00e3o de Nice\u00a0<em>\u00abOur Ocean, our future, our responsabilities\u00bb<\/em>,\u00a0contendo compromissos firmes\u00a0para a sustentabilidade dos oceanos.<\/p>\n<p><strong>Regozijamo-nos com a Declara\u00e7\u00e3o dos L\u00edderes da AOSIS,\u00a0<\/strong>cuja ado\u00e7\u00e3o demonstra um forte compromisso com as quest\u00f5es relacionadas com o Oceano, o Clima e o Desenvolvimento Sustent\u00e1vel.<\/p>\n<p><strong>Aplaudimos a realiza\u00e7\u00e3o bem-sucedida da 4\u00aa Confer\u00eancia sobre o Financiamento para o Desenvolvimento<\/strong>. O\u00a0Compromisso de Sevilha\u00a0constitui uma oportunidade \u00fanica para impulsionar o desenvolvimento, em especial nos pa\u00edses mais vulner\u00e1veis, como os SIDS.<\/p>\n<p><strong>Para n\u00f3s SIDS, \u00e9 fundamental operacionalizar o<\/strong>\u00a0<strong>\u00cdndice de Vulnerabilidade Multidimensional,<\/strong>\u00a0os mecanismos de convers\u00e3o da d\u00edvida em do\u00a0financiamento clim\u00e1tico e o Fundo de Perdas e Danos.<\/p>\n<p><strong>O<\/strong>\u00a0<strong>Plano de A\u00e7\u00e3o de Ant\u00edgua e Barbuda est\u00e1 de p\u00e9.\u00a0<\/strong>\u00a0A sua concretiza\u00e7\u00e3o em prosperidade resiliente \u00e9 a grande aspira\u00e7\u00e3o dos SIDS.<\/p>\n<p><strong>Registamos com regozijo uma\u00a0conquista hist\u00f3rica: <\/strong>a\u00a0entrada em vigor do Acordo sobre a Biodiversidade Marinha em \u00c1reas para al\u00e9m da Jurisdi\u00e7\u00e3o Nacional.\u00a0Cabo Verde figura entre os primeiros 60 Estados a ratificar este importante tratado.<\/p>\n<p><strong>Queria igualmente destacar, com particular satisfa\u00e7\u00e3o, a entrada em vigor do hist\u00f3rico Acordo sobre Subven\u00e7\u00f5es \u00e0 Pesca<\/strong>. Cabo Verde orgulha-se de ter participado ativamente neste processo e acreditamos firmemente que este Acordo constitui um instrumento decisivo no combate \u00e0 pesca ilegal, n\u00e3o regulamentada e n\u00e3o declarada, pr\u00e1ticas que amea\u00e7am a biodiversidade marinha e a seguran\u00e7a alimentar de milh\u00f5es de pessoas.<\/p>\n<p><strong>Infelizmente, n\u00e3o foi poss\u00edvel\u00a0alcan\u00e7ar\u00a0consenso\u00a0para a ado\u00e7\u00e3o de um tratado sobre o pl\u00e1stico<\/strong>. \u00c9 preciso continuar a insistir.<\/p>\n<p><strong>Sa\u00fado de forma especial, a Reuni\u00e3o Especial sobre o Clima<\/strong>\u00a0convocada pelo Secret\u00e1rio-Geral Ant\u00f3nio Guterres e pelo Presidente do Brasil, Lula da Silva, \u00e0 margem desta Assembleia Geral, em prepara\u00e7\u00e3o para a COP30.<\/p>\n<p><strong>A COP de Bel\u00e9m representa um momento crucial para a implementa\u00e7\u00e3o plena do Acordo de Paris<\/strong>\u00a0e para garantir que a\u00a0ambi\u00e7\u00e3o clim\u00e1tica\u00a0se traduza em a\u00e7\u00f5es justas.<\/p>\n<p><strong>Enquanto SIDS exigimos compromissos claros de todos os Estados<\/strong>, especialmente os maiores emissores, para limitar o aumento da temperatura a 1,5\u00baC. \u00a0N\u00e3o se trata de uma\u00a0mera\u00a0reivindica\u00e7\u00e3o, trata-se de uma quest\u00e3o de sobreviv\u00eancia de Todos, Todos, Todos.<\/p>\n<p>\u2014***\u2014<\/p>\n<p><em>Excel\u00eancias<\/em><\/p>\n<p><strong>A paz e a seguran\u00e7a globais\u00a0continuam amea\u00e7adas,\u00a0<\/strong>cada vez mais amea\u00e7adas.<\/p>\n<p><strong>A posi\u00e7\u00e3o de Cabo Verde tem sido clara, previs\u00edvel e consistente<\/strong>:<\/p>\n<ul>\n<li>condenamos golpes de estado;<\/li>\n<li>condenamos terrorismo;<\/li>\n<li>condenamos genoc\u00eddios;<\/li>\n<li>condenamos assaltos \u00e0 integridade territorial de pa\u00edses;<\/li>\n<li>defendemos di\u00e1logo e diplomacia para a preven\u00e7\u00e3o e resolu\u00e7\u00e3o de conflitos.<\/li>\n<\/ul>\n<p><strong>Apoiamos paz justa e dur\u00e1vel para a resolu\u00e7\u00e3o da guerra na Ucr\u00e2nia<\/strong>.<\/p>\n<p><strong>Apoiamos solu\u00e7\u00e3o de dois Estados, Israel e Palestina<\/strong>, vivendo lado a lado, em paz e seguran\u00e7a.<\/p>\n<p><strong>Defendemos um forte compromisso para a preven\u00e7\u00e3o e combate ao terrorismo e a conflitos em Africa<\/strong>.<\/p>\n<p><strong>Defendemos o multilateralismo e uma ONU forte e eficaz<\/strong>, convergente com os princ\u00edpios da iniciativa Chinesa para a Governan\u00e7a Global.<\/p>\n<p><strong>Somos uma democracia <\/strong>assente no primado da lei e na liberdade politica, liberdade de express\u00e3o e liberdade econ\u00f3mica, e assim queremos continuar.<\/p>\n<p><strong>Pertencemos \u00e0 CEDEAO<\/strong>, espa\u00e7o de integra\u00e7\u00e3o econ\u00f3mica e de vizinhan\u00e7a e \u00e0 CPLP, espa\u00e7o da l\u00edngua portuguesa e de afinidades culturais.<\/p>\n<p><strong>Temos uma parceria especial com a Uni\u00e3o Europeia<\/strong> ancorada em valores partilhados da democracia, da liberdade e da boa governanta; espa\u00e7o com o qual a nossa moeda esta ligada em paridade fixa ao euro desde 1998 e com o qual temos fortes rela\u00e7\u00f5es econ\u00f3micas.<\/p>\n<p><strong>Devido \u00e0 nossa localiza\u00e7\u00e3o entre o Continente Africano, a Europa e as Am\u00e9ricas, a UE, os EUA e o Brasil<\/strong> <strong>s\u00e3o os nossos parceiros de primeira linha na seguran\u00e7a mar\u00edtima cooperativa<\/strong>, na preven\u00e7\u00e3o e combate ao trafico de drogas, trafico de pessoas, pirataria mar\u00edtima, pesca ilegal e ciberseguran\u00e7a.<\/p>\n<p>\u00c9 este Cabo Verde democr\u00e1tico, est\u00e1vel, aberto ao mundo, que se guia pela confian\u00e7a nas rela\u00e7\u00f5es com os parceiros, que queremos preservar e desenvolver neste mundo geopol\u00edtico conturbado.<\/p>\n<p>\u2014***\u2014<\/p>\n<p><em>Senhora Presidente,<\/em><\/p>\n<p>Cabo Verde, que tem a honra de assumir uma das vice-presid\u00eancias desta Assembleia Geral, reafirma o seu compromisso inabal\u00e1vel com a Carta, os princ\u00edpios e os valores das Na\u00e7\u00f5es Unidas.<\/p>\n<p>Continuaremos a ser uma voz construtiva, um parceiro ativo e um pa\u00eds comprometido em ser \u00fatil \u00e0 Comunidade Internacional.<\/p>\n<p><strong>\u201cJuntos somos melhores\u201d<\/strong>. Juntos podemos honrar os 80 anos da ONU, olhando para o futuro com esperan\u00e7a renovada: por mais paz, mais desenvolvimento e mais direitos humanos.<\/p>\n<p>Muito obrigado.<\/p>\n<p>\u00a0<\/p>\n<p>\u00a0<\/p>\n<p>The post <a rel=\"nofollow\" href=\"https:\/\/www.governo.cv\/discurso-de-s-e-o-primeiro-ministro-na-80a-sessao-da-assembleia-geral-das-nacoes-unidas\/\" target=\"_blank\">Discurso de S E o Primeiro Ministro na 80\u00aa Sess\u00e3o da Assembleia Geral das Na\u00e7\u00f5es Unidas<\/a> appeared first on <a rel=\"nofollow\" href=\"https:\/\/www.governo.cv\/\" target=\"_blank\">Government of Cape Verde<\/a>.<\/p>\n<\/div>","protected":false},"excerpt":{"rendered":"<p>Senhora Presidente da 80\u00aa Sess\u00e3o da Assembleia Geral, Senhor Secret\u00e1rio-Geral das Na\u00e7\u00f5es Unidas, Excel\u00eancias, \u00a0 \u00c9 com enorme honra que tomo a palavra nesta\u00a0Magna Assembleia, em nome do povo e do Governo de Cabo Verde, nesta sess\u00e3o em que celebramos os 80 anos das Na\u00e7\u00f5es Unidas. O\u00a080\u00ba anivers\u00e1rio\u00a0da nossa Organiza\u00e7\u00e3o acontece em tempos turbulentos\u00a0marcados por: [&hellip;]<\/p>\n","protected":false},"author":2,"featured_media":0,"comment_status":"closed","ping_status":"closed","sticky":false,"template":"","format":"standard","meta":{"_breakdance_hide_in_design_set":false,"_breakdance_tags":"","footnotes":""},"categories":[263],"tags":[264],"class_list":["post-3602","post","type-post","status-publish","format-standard","hentry","category-noticias","tag-noticias"],"_links":{"self":[{"href":"https:\/\/consultoria.cv\/en\/wp-json\/wp\/v2\/posts\/3602","targetHints":{"allow":["GET"]}}],"collection":[{"href":"https:\/\/consultoria.cv\/en\/wp-json\/wp\/v2\/posts"}],"about":[{"href":"https:\/\/consultoria.cv\/en\/wp-json\/wp\/v2\/types\/post"}],"author":[{"embeddable":true,"href":"https:\/\/consultoria.cv\/en\/wp-json\/wp\/v2\/users\/2"}],"replies":[{"embeddable":true,"href":"https:\/\/consultoria.cv\/en\/wp-json\/wp\/v2\/comments?post=3602"}],"version-history":[{"count":0,"href":"https:\/\/consultoria.cv\/en\/wp-json\/wp\/v2\/posts\/3602\/revisions"}],"wp:attachment":[{"href":"https:\/\/consultoria.cv\/en\/wp-json\/wp\/v2\/media?parent=3602"}],"wp:term":[{"taxonomy":"category","embeddable":true,"href":"https:\/\/consultoria.cv\/en\/wp-json\/wp\/v2\/categories?post=3602"},{"taxonomy":"post_tag","embeddable":true,"href":"https:\/\/consultoria.cv\/en\/wp-json\/wp\/v2\/tags?post=3602"}],"curies":[{"name":"wp","href":"https:\/\/api.w.org\/{rel}","templated":true}]}}