{"id":3593,"date":"2025-09-01T00:07:05","date_gmt":"2025-09-01T01:07:05","guid":{"rendered":"https:\/\/consultoria.cv\/oe-2026-dotacoes-a-ficase-reforcadas-para-financiar-ensino-superior-e-acomodar-impactos-do-pcfr-e-do-pnase-2023-2026\/"},"modified":"2025-09-01T00:07:05","modified_gmt":"2025-09-01T01:07:05","slug":"oe-2026-dotacoes-a-ficase-reforcadas-para-financiar-ensino-superior-e-acomodar-impactos-do-pcfr-e-do-pnase-2023-2026","status":"publish","type":"post","link":"https:\/\/consultoria.cv\/en\/oe-2026-dotacoes-a-ficase-reforcadas-para-financiar-ensino-superior-e-acomodar-impactos-do-pcfr-e-do-pnase-2023-2026\/","title":{"rendered":"OE 2026: Dota\u00e7\u00f5es \u00e0 FICASE refor\u00e7adas para financiar Ensino Superior e acomodar impactos do PCFR e do PNASE 2023-2026"},"content":{"rendered":"<div>\n<p>As dota\u00e7\u00f5es \u00e0 FICASE, no \u00e2mbito do Or\u00e7amento do Estado (OE) 2026, ser\u00e3o refor\u00e7adas para financiar o ensino superior e acomodar impactos do PCFR e do PNASE 2023-2026.<\/p>\n<p>A medida insere-se no importante papel que o Minist\u00e9rio da Educa\u00e7\u00e3o vai assumir na execu\u00e7\u00e3o do OE 2026, tendo em conta o impacto direto na forma\u00e7\u00e3o do capital humano e na constru\u00e7\u00e3o de uma sociedade mais inclusiva e preparada para os desafios do futuro.<\/p>\n<p>A\u00a0informa\u00e7\u00e3o foi avan\u00e7ada pelo vice-primeiro-ministro, Olavo Correia, na quarta-feira (27), ap\u00f3s a realiza\u00e7\u00e3o de um encontro com uma equipa do Minist\u00e9rio da Educa\u00e7\u00e3o, liderada pelo Ministro, Amadeu Cruz.<\/p>\n<p>\u201cO or\u00e7amento viabilizar\u00e1 ainda infraestruturas educativas atrav\u00e9s da reabilita\u00e7\u00e3o e amplia\u00e7\u00e3o de escolas, constru\u00e7\u00e3o de novos estabelecimentos, digitaliza\u00e7\u00e3o das escolas e expans\u00e3o do ensino superior para novas ilhas\u201d, avan\u00e7ou o tamb\u00e9m Ministro das Finan\u00e7as, Olavo Correia.<\/p>\n<p>Segundo este respons\u00e1vel, as bolsas de estudo, tanto no pa\u00eds como no exterior, ter\u00e3o dota\u00e7\u00f5es refor\u00e7adas, impulsionando o aumento da taxa l\u00edquida de escolariza\u00e7\u00e3o para 25%, com forte inclus\u00e3o de jovens de fam\u00edlias pobres e redu\u00e7\u00e3o das assimetrias regionais.<\/p>\n<p>\u201cO investimento no ensino superior inclui tamb\u00e9m solu\u00e7\u00f5es para alojamento estudantil, como a cria\u00e7\u00e3o de resid\u00eancias na Praia e em S\u00e3o Vicente, bem como a gratuitidade dos transportes mar\u00edtimos para estudantes nas desloca\u00e7\u00f5es entre ilhas\u201d, acrescenta.<\/p>\n<p>O Or\u00e7amento de Estado 2026 prev\u00ea igualmente uma aposta na educa\u00e7\u00e3o de excel\u00eancia com pol\u00edticas de qualifica\u00e7\u00e3o da popula\u00e7\u00e3o, inclus\u00e3o social, promo\u00e7\u00e3o do emprego jovem e fortalecimento do sistema educativo desde a pr\u00e9-escola at\u00e9 ao ensino superior. \u201cEst\u00e3o previstas iniciativas como o Programa de Supera\u00e7\u00e3o Educativa, as Olimp\u00edadas do Desporto Escolar, novos laborat\u00f3rios cient\u00edficos, o Projeto \u2018Escola de Todos\u2019\u00a0e o refor\u00e7o da gest\u00e3o escolar\u201d.<\/p>\n<p>The post <a rel=\"nofollow\" href=\"https:\/\/www.governo.cv\/oe-2026-dotacoes-a-ficase-reforcadas-para-financiar-ensino-superior-e-acomodar-impactos-do-pcfr-e-do-pnase-2023-2026\/\" target=\"_blank\">OE 2026: Dota\u00e7\u00f5es \u00e0 FICASE refor\u00e7adas para financiar Ensino Superior e acomodar impactos do PCFR e do PNASE 2023-2026<\/a> appeared first on <a rel=\"nofollow\" href=\"https:\/\/www.governo.cv\/\" target=\"_blank\">Government of Cape Verde<\/a>.<\/p>\n<\/div>","protected":false},"excerpt":{"rendered":"<p>As dota\u00e7\u00f5es \u00e0 FICASE, no \u00e2mbito do Or\u00e7amento do Estado (OE) 2026, ser\u00e3o refor\u00e7adas para financiar o ensino superior e acomodar impactos do PCFR e do PNASE 2023-2026. A medida insere-se no importante papel que o Minist\u00e9rio da Educa\u00e7\u00e3o vai assumir na execu\u00e7\u00e3o do OE 2026, tendo em conta o impacto direto na forma\u00e7\u00e3o do [&hellip;]<\/p>\n","protected":false},"author":2,"featured_media":0,"comment_status":"closed","ping_status":"closed","sticky":false,"template":"","format":"standard","meta":{"_breakdance_hide_in_design_set":false,"_breakdance_tags":"","footnotes":""},"categories":[263],"tags":[264],"class_list":["post-3593","post","type-post","status-publish","format-standard","hentry","category-noticias","tag-noticias"],"_links":{"self":[{"href":"https:\/\/consultoria.cv\/en\/wp-json\/wp\/v2\/posts\/3593","targetHints":{"allow":["GET"]}}],"collection":[{"href":"https:\/\/consultoria.cv\/en\/wp-json\/wp\/v2\/posts"}],"about":[{"href":"https:\/\/consultoria.cv\/en\/wp-json\/wp\/v2\/types\/post"}],"author":[{"embeddable":true,"href":"https:\/\/consultoria.cv\/en\/wp-json\/wp\/v2\/users\/2"}],"replies":[{"embeddable":true,"href":"https:\/\/consultoria.cv\/en\/wp-json\/wp\/v2\/comments?post=3593"}],"version-history":[{"count":0,"href":"https:\/\/consultoria.cv\/en\/wp-json\/wp\/v2\/posts\/3593\/revisions"}],"wp:attachment":[{"href":"https:\/\/consultoria.cv\/en\/wp-json\/wp\/v2\/media?parent=3593"}],"wp:term":[{"taxonomy":"category","embeddable":true,"href":"https:\/\/consultoria.cv\/en\/wp-json\/wp\/v2\/categories?post=3593"},{"taxonomy":"post_tag","embeddable":true,"href":"https:\/\/consultoria.cv\/en\/wp-json\/wp\/v2\/tags?post=3593"}],"curies":[{"name":"wp","href":"https:\/\/api.w.org\/{rel}","templated":true}]}}