{"id":3591,"date":"2025-09-01T00:03:07","date_gmt":"2025-09-01T01:03:07","guid":{"rendered":"https:\/\/consultoria.cv\/governo-reforca-resposta-em-sao-vicente-solucoes-rapidas-humanas-e-eficazes-para-as-familias-afetadas-2\/"},"modified":"2025-09-01T00:03:07","modified_gmt":"2025-09-01T01:03:07","slug":"governo-reforca-resposta-em-sao-vicente-solucoes-rapidas-humanas-e-eficazes-para-as-familias-afetadas-2","status":"publish","type":"post","link":"https:\/\/consultoria.cv\/en\/governo-reforca-resposta-em-sao-vicente-solucoes-rapidas-humanas-e-eficazes-para-as-familias-afetadas-2\/","title":{"rendered":"Governo refor\u00e7a resposta em S\u00e3o Vicente: solu\u00e7\u00f5es r\u00e1pidas, humanas e eficazes para as fam\u00edlias afetadas"},"content":{"rendered":"<div>\n<p>O Ministro da Fam\u00edlia, Inclus\u00e3o e Desenvolvimento Social, Fernando El\u00edsio Freire, esteve em S\u00e3o Vicente, entre os dias 21 e 23 de agosto, para refor\u00e7ar a resposta do Governo de Cabo Verde \u00e0s fam\u00edlias afetadas pelas fortes chuvas de 11 de agosto, que provocaram perdas humanas, desaparecimentos e avultados danos materiais. A visita integrou uma agenda intensa de encontros e desloca\u00e7\u00f5es a v\u00e1rias comunidades, estruturas p\u00fablicas e centros de acolhimento, com o objetivo de garantir a implementa\u00e7\u00e3o das medidas anunciadas e assegurar solu\u00e7\u00f5es r\u00e1pidas, humanas e eficazes.<\/p>\n<p>Logo no arranque da miss\u00e3o, o Ministro reuniu-se com o Presidente da C\u00e2mara Municipal de S\u00e3o Vicente, refor\u00e7ando a articula\u00e7\u00e3o entre o Governo central e o poder local. Visitou ainda a Loja Social e as estruturas sob tutela do Minist\u00e9rio, nomeadamente o ICCA e o CNPS, que sofreram avultados danos provocados pela intemp\u00e9rie. Numa a\u00e7\u00e3o de proximidade, deslocou-se tamb\u00e9m aos centros de acolhimento onde se encontram 74 fam\u00edlias, num total de 255 pessoas, incluindo 12 que perderam absolutamente tudo, ficando sem casa, bens e meios de subsist\u00eancia, e outras 62 que necessitam de realojamento, uma vez que as suas habita\u00e7\u00f5es deixaram de reunir condi\u00e7\u00f5es m\u00ednimas de seguran\u00e7a.<\/p>\n<p>Acompanhado pela Coordenadora do Sistema das Na\u00e7\u00f5es Unidas, Patr\u00edcia Portela de Souza, e pela representante da Organiza\u00e7\u00e3o Mundial da Sa\u00fade, Ann Lindstrand, Fernando El\u00edsio Freire visitou as comunidades de Madeiral, Ribeira de Calhau, Calhau e Salamansa, onde p\u00f4de ouvir diretamente a popula\u00e7\u00e3o, sentir de perto as dificuldades vividas e reafirmar o compromisso do Governo em n\u00e3o deixar ningu\u00e9m para tr\u00e1s.<\/p>\n<p>No quadro da resposta integrada, realizou-se igualmente um encontro com associa\u00e7\u00f5es e organiza\u00e7\u00f5es n\u00e3o-governamentais locais que, desde a primeira hora, t\u00eam apoiado as fam\u00edlias afetadas. O encontro permitiu refor\u00e7ar a articula\u00e7\u00e3o entre Governo, autarquia e sociedade civil, tendo sido definido um plano de trabalho conjunto, com respostas direcionadas para cada bairro, de acordo com as necessidades espec\u00edficas das fam\u00edlias. O Ministro destacou o papel determinante das associa\u00e7\u00f5es, sublinhando o conhecimento profundo que cada uma tem da realidade das suas comunidades, e aproveitou o momento para reconhecer e agradecer o trabalho not\u00e1vel desenvolvido desde a fase mais cr\u00edtica da emerg\u00eancia.<\/p>\n<p>A agenda incluiu ainda visitas \u00e0s associa\u00e7\u00f5es Staff Promo e Real Sociedade, bem como desloca\u00e7\u00f5es a bairros fortemente atingidos, para avaliar as condi\u00e7\u00f5es habitacionais e identificar solu\u00e7\u00f5es imediatas e de m\u00e9dio prazo.<\/p>\n<p>Com esta presen\u00e7a no terreno, o Governo reafirma o seu empenho em trabalhar lado a lado com a sociedade civil, parceiros internacionais e comunidades, com o prop\u00f3sito de transformar a trag\u00e9dia numa oportunidade de recome\u00e7o. O compromisso, garante o Executivo, \u00e9 mobilizar recursos, coordenar esfor\u00e7os e devolver \u00e0s fam\u00edlias de S\u00e3o Vicente condi\u00e7\u00f5es de seguran\u00e7a, dignidade e esperan\u00e7a no futuro.<\/p>\n<p>\u00a0<\/p>\n<p>The post <a rel=\"nofollow\" href=\"https:\/\/www.governo.cv\/governo-reforca-resposta-em-sao-vicente-solucoes-rapidas-humanas-e-eficazes-para-as-familias-afetadas\/\" target=\"_blank\">Governo refor\u00e7a resposta em S\u00e3o Vicente: solu\u00e7\u00f5es r\u00e1pidas, humanas e eficazes para as fam\u00edlias afetadas<\/a> appeared first on <a rel=\"nofollow\" href=\"https:\/\/www.governo.cv\/\" target=\"_blank\">Government of Cape Verde<\/a>.<\/p>\n<\/div>","protected":false},"excerpt":{"rendered":"<p>O Ministro da Fam\u00edlia, Inclus\u00e3o e Desenvolvimento Social, Fernando El\u00edsio Freire, esteve em S\u00e3o Vicente, entre os dias 21 e 23 de agosto, para refor\u00e7ar a resposta do Governo de Cabo Verde \u00e0s fam\u00edlias afetadas pelas fortes chuvas de 11 de agosto, que provocaram perdas humanas, desaparecimentos e avultados danos materiais. A visita integrou uma [&hellip;]<\/p>\n","protected":false},"author":2,"featured_media":0,"comment_status":"closed","ping_status":"closed","sticky":false,"template":"","format":"standard","meta":{"_breakdance_hide_in_design_set":false,"_breakdance_tags":"","footnotes":""},"categories":[263],"tags":[264],"class_list":["post-3591","post","type-post","status-publish","format-standard","hentry","category-noticias","tag-noticias"],"_links":{"self":[{"href":"https:\/\/consultoria.cv\/en\/wp-json\/wp\/v2\/posts\/3591","targetHints":{"allow":["GET"]}}],"collection":[{"href":"https:\/\/consultoria.cv\/en\/wp-json\/wp\/v2\/posts"}],"about":[{"href":"https:\/\/consultoria.cv\/en\/wp-json\/wp\/v2\/types\/post"}],"author":[{"embeddable":true,"href":"https:\/\/consultoria.cv\/en\/wp-json\/wp\/v2\/users\/2"}],"replies":[{"embeddable":true,"href":"https:\/\/consultoria.cv\/en\/wp-json\/wp\/v2\/comments?post=3591"}],"version-history":[{"count":0,"href":"https:\/\/consultoria.cv\/en\/wp-json\/wp\/v2\/posts\/3591\/revisions"}],"wp:attachment":[{"href":"https:\/\/consultoria.cv\/en\/wp-json\/wp\/v2\/media?parent=3591"}],"wp:term":[{"taxonomy":"category","embeddable":true,"href":"https:\/\/consultoria.cv\/en\/wp-json\/wp\/v2\/categories?post=3591"},{"taxonomy":"post_tag","embeddable":true,"href":"https:\/\/consultoria.cv\/en\/wp-json\/wp\/v2\/tags?post=3591"}],"curies":[{"name":"wp","href":"https:\/\/api.w.org\/{rel}","templated":true}]}}