{"id":3589,"date":"2025-09-01T00:01:54","date_gmt":"2025-09-01T01:01:54","guid":{"rendered":"https:\/\/consultoria.cv\/preparamos-um-pacote-de-apoio-destinado-aos-empresarios-e-empreendedores-informais-afetados-pela-tempestade-erin-que-sera-operacionalizado-ja-na-proxima-semana-ministro-eur\/"},"modified":"2025-09-01T00:01:54","modified_gmt":"2025-09-01T01:01:54","slug":"preparamos-um-pacote-de-apoio-destinado-aos-empresarios-e-empreendedores-informais-afetados-pela-tempestade-erin-que-sera-operacionalizado-ja-na-proxima-semana-ministro-eur","status":"publish","type":"post","link":"https:\/\/consultoria.cv\/en\/preparamos-um-pacote-de-apoio-destinado-aos-empresarios-e-empreendedores-informais-afetados-pela-tempestade-erin-que-sera-operacionalizado-ja-na-proxima-semana-ministro-eur\/","title":{"rendered":"\u201cPreparamos um pacote de apoio destinado aos empres\u00e1rios e empreendedores informais afetados pela tempestade Erin que ser\u00e1 operacionalizado j\u00e1 na pr\u00f3xima semana\u201d \u2013 Ministro Eurico Monteiro"},"content":{"rendered":"<div>\n<p>O Ministro da Promo\u00e7\u00e3o de Investimentos e Fomento Empresarial assegurou, este s\u00e1bado, 23 de agosto, em S\u00e3o Vicente, onde reuniu-se com os empres\u00e1rios e os empreendedores informais afetados pela tempestade Erin, que assolou a ilha na semana passada, que o Governo de Cabo Verde preparou um pacote de apoio destinado a esse setor, que est\u00e1 em condi\u00e7\u00f5es de ser operacionalizado, j\u00e1 na pr\u00f3xima semana. Um pacote de subven\u00e7\u00f5es financeira a fundo perdido, que vai dos 50 mil ECV para os operadores informais aos 1.200 contos para as m\u00e9dias empresas, consoante o n\u00edvel do dano, que se junta ao rendimento social de emerg\u00eancia criado para o setor informal, no montante de 30 mil escudos mensais, al\u00e9m de uma linha de cr\u00e9dito emergencial para as m\u00e9dias empresas, com taxa de juro bonificada nunca superior a 5,5%.<\/p>\n<p>Para as grandes empresas, indicou Eurico Monteiro, haver\u00e1 um pacote mais personalizado, adaptado \u00e0s necessidades espec\u00edficas de cada uma das unidades afetadas, uma vez que n\u00e3o s\u00f3 existe grande disparidade na extens\u00e3o dos danos como tamb\u00e9m s\u00e3o em muito menor n\u00famero, quando comparado com as micro e pequenas empresas.<\/p>\n<p>A medida, garante o Ministro, visa dar resposta \u00e0s dificuldades enfrentadas pelos operadores econ\u00f3micos, tanto do setor informal, como das micro, pequenas e m\u00e9dias empresas, bem como apoiar a retoma da atividade econ\u00f3mica ap\u00f3s os impactos recentes das chuvas.<\/p>\n<p>\u00a0<\/p>\n<p>Assim, explicou o governante, as subven\u00e7\u00f5es, n\u00e3o reembols\u00e1veis e cujos desembolsos, assegura, come\u00e7am j\u00e1 na pr\u00f3xima semana, ser\u00e3o atribu\u00eddos nos seguintes moldes:<\/p>\n<ul>\n<li>Operadores informais (como feirantes e pequenos agricultores) \u2013 50 mil escudos, mais o rendimento social de emerg\u00eancia de 90 mil escudos, durante tr\u00eas meses, totalizando 140 mil escudos;<\/li>\n<li>Microempresas entre 150.000$00 e 300.000$00;<\/li>\n<li>Pequenas empresas 300.000$00 a 500.000$00;<\/li>\n<li>M\u00e9dias empresas 500.000$00 1.200 .000$00;<\/li>\n<\/ul>\n<p>A par dessas subven\u00e7\u00f5es, avan\u00e7ou o Ministro, em declara\u00e7\u00f5es \u00e0 imprensa, na convic\u00e7\u00e3o de que estas podem n\u00e3o ser suficientes para recuperar totalmente, o Governo de Cabo Verde est\u00e1 a abrir linhas de cr\u00e9dito, com condi\u00e7\u00f5es favor\u00e1veis, uma das quais no montante m\u00ednimo de 150.000 escudos, dedicada ao setor informal, e uma outra \u00e0s m\u00e9dias empresas, em valores que variam de 1.501.000$00 a 5.000.000$00, mediante um prazo de amortiza\u00e7\u00e3o de 60 meses, com acesso ao cr\u00e9dito totalmente garantido pelo Estado. \u201cE todo o processo \u00e9 tratado na Pr\u00f3-Empresa, que presta a completa assist\u00eancia t\u00e9cnica, organiza e apenas o contrato \u00e9 assinado, sendo o desembolso depois feito pela banca\u201d, informou Eurico Monteiro, deixando abertura por parte do executivo em renegociar com a banca a diminui\u00e7\u00e3o, ainda mais, do teto m\u00e1ximo de juros, conforme solicitado pelos operadores. \u201cFica aqui este nosso compromisso de, junto do Minist\u00e9rio das Finan\u00e7as, revermos essas condi\u00e7\u00f5es, como tamb\u00e9m ficou outro compromisso importante, que \u00e9 de uma administra\u00e7\u00e3o c\u00e9lere e \u00e1gil nesse processo, porquanto temos uma m\u00e1quina de Estado que n\u00e3o est\u00e1 habituado a um tempo de anormalidade como este, pelo que este constituir\u00e1, seguramente, o nosso maior desafio.\u201d<\/p>\n<p>Por isso, e pensando em imprimir uma burocracia m\u00ednima, indicou o Ministro, o processo de identifica\u00e7\u00e3o dos benefici\u00e1rios ser\u00e1 feito numa articula\u00e7\u00e3o entre a C\u00e2mara Municipal de S\u00e3o Vicente, a C\u00e2mara de Com\u00e9rcio do Barlavento, a Pr\u00f3-Empresa e os minist\u00e9rios setoriais, nomeadamente os da agricultura e do mar, nos casos dos agricultores e trabalhadores do setor pesqueiro, com o objetivo de simplificar e assegurar transpar\u00eancia. Os valores, esses, ser\u00e3o transferidos diretamente para as contas banc\u00e1rias dos benefici\u00e1rios.<\/p>\n<p>\u201cTemos crit\u00e9rios de identifica\u00e7\u00e3o que queremos que sejam o mais facilitado poss\u00edvel, por forma a agilizar o processo. A C\u00e2mara Municipal ocupa o lugar central nessa identifica\u00e7\u00e3o, articula com os servi\u00e7os do Estado que t\u00eam interven\u00e7\u00e3o na \u00e1rea e fazem uma listagem dos benefici\u00e1rios e respetivas contas banc\u00e1rias onde ser\u00e3o pagas diretamente\u201d, concluiu o Ministro, que na ocasi\u00e3o rendeu uma homenagem \u00e0 C\u00e2mara Municipal, \u00e0s associa\u00e7\u00f5es locais, aos servi\u00e7os p\u00fablicos e aos cidad\u00e3os, em geral, pelo trabalho abnegado em prol da recupera\u00e7\u00e3o da ilha.<\/p>\n<p>\u00a0<\/p>\n<p>The post <a rel=\"nofollow\" href=\"https:\/\/www.governo.cv\/preparamos-um-pacote-de-apoio-destinado-aos-empresarios-e-empreendedores-informais-afetados-pela-tempestade-erin-que-sera-operacionalizado-ja-na-proxima-semana-ministro-eur\/\" target=\"_blank\">\u201cPreparamos um pacote de apoio destinado aos empres\u00e1rios e empreendedores informais afetados pela tempestade Erin que ser\u00e1 operacionalizado j\u00e1 na pr\u00f3xima semana\u201d \u2013 Ministro Eurico Monteiro<\/a> appeared first on <a rel=\"nofollow\" href=\"https:\/\/www.governo.cv\/\" target=\"_blank\">Government of Cape Verde<\/a>.<\/p>\n<\/div>","protected":false},"excerpt":{"rendered":"<p>O Ministro da Promo\u00e7\u00e3o de Investimentos e Fomento Empresarial assegurou, este s\u00e1bado, 23 de agosto, em S\u00e3o Vicente, onde reuniu-se com os empres\u00e1rios e os empreendedores informais afetados pela tempestade Erin, que assolou a ilha na semana passada, que o Governo de Cabo Verde preparou um pacote de apoio destinado a esse setor, que est\u00e1 [&hellip;]<\/p>\n","protected":false},"author":2,"featured_media":0,"comment_status":"closed","ping_status":"closed","sticky":false,"template":"","format":"standard","meta":{"_breakdance_hide_in_design_set":false,"_breakdance_tags":"","footnotes":""},"categories":[263],"tags":[264],"class_list":["post-3589","post","type-post","status-publish","format-standard","hentry","category-noticias","tag-noticias"],"_links":{"self":[{"href":"https:\/\/consultoria.cv\/en\/wp-json\/wp\/v2\/posts\/3589","targetHints":{"allow":["GET"]}}],"collection":[{"href":"https:\/\/consultoria.cv\/en\/wp-json\/wp\/v2\/posts"}],"about":[{"href":"https:\/\/consultoria.cv\/en\/wp-json\/wp\/v2\/types\/post"}],"author":[{"embeddable":true,"href":"https:\/\/consultoria.cv\/en\/wp-json\/wp\/v2\/users\/2"}],"replies":[{"embeddable":true,"href":"https:\/\/consultoria.cv\/en\/wp-json\/wp\/v2\/comments?post=3589"}],"version-history":[{"count":0,"href":"https:\/\/consultoria.cv\/en\/wp-json\/wp\/v2\/posts\/3589\/revisions"}],"wp:attachment":[{"href":"https:\/\/consultoria.cv\/en\/wp-json\/wp\/v2\/media?parent=3589"}],"wp:term":[{"taxonomy":"category","embeddable":true,"href":"https:\/\/consultoria.cv\/en\/wp-json\/wp\/v2\/categories?post=3589"},{"taxonomy":"post_tag","embeddable":true,"href":"https:\/\/consultoria.cv\/en\/wp-json\/wp\/v2\/tags?post=3589"}],"curies":[{"name":"wp","href":"https:\/\/api.w.org\/{rel}","templated":true}]}}