{"id":3498,"date":"2025-08-01T00:02:59","date_gmt":"2025-08-01T01:02:59","guid":{"rendered":"https:\/\/consultoria.cv\/bad-e-governo-lancam-relatorio-estrategico-com-foco-na-mobilizacao-e-utilizacao-eficiente-do-capital-para-o-desenvolvimento-de-cabo-verde\/"},"modified":"2025-08-01T00:02:59","modified_gmt":"2025-08-01T01:02:59","slug":"bad-e-governo-lancam-relatorio-estrategico-com-foco-na-mobilizacao-e-utilizacao-eficiente-do-capital-para-o-desenvolvimento-de-cabo-verde","status":"publish","type":"post","link":"https:\/\/consultoria.cv\/en\/bad-e-governo-lancam-relatorio-estrategico-com-foco-na-mobilizacao-e-utilizacao-eficiente-do-capital-para-o-desenvolvimento-de-cabo-verde\/","title":{"rendered":"BAD e Governo lan\u00e7am Relat\u00f3rio Estrat\u00e9gico com foco na mobiliza\u00e7\u00e3o e utiliza\u00e7\u00e3o eficiente do capital para o desenvolvimento de Cabo Verde"},"content":{"rendered":"<div>\n<p>O Banco Africano de Desenvolvimento (BAD), em parceria com o Governo de Cabo Verde, realizou na quarta-feira, 30 de julho, um workshop de lan\u00e7amento do <em>Country Focus Report 2025 \u2013 Cabo Verde<\/em>, sob o tema <strong>\u201cAproveitar o Capital Cabo-verdiano para Impulsionar o seu Desenvolvimento\u201d<\/strong>.<\/p>\n<p>A sess\u00e3o foi presidida pelo Vice-Primeiro-Ministro e Ministro das Finan\u00e7as, Olavo Correia, e contou com a apresenta\u00e7\u00e3o do economista s\u00e9nior do BAD para Cabo Verde, Felisberto Mateus. Estiveram ainda presentes o Diretor-Geral Adjunto para a \u00c1frica Ocidental do BAD, Jos\u00e9 Ribeiro, o Reitor da Universidade de Cabo Verde, Jos\u00e9 Arlindo Barreto, entre outros intervenientes e representantes de diversas organiza\u00e7\u00f5es.<\/p>\n<p>Produzido pelo BAD, o <em>Country Focus Report 2025 \u2013 Cabo Verde<\/em> aborda quest\u00f5es relacionadas com a mobiliza\u00e7\u00e3o e a utiliza\u00e7\u00e3o eficiente do capital, nas suas diversas dimens\u00f5es, ao servi\u00e7o do desenvolvimento nacional.<\/p>\n<p>Durante a sua interven\u00e7\u00e3o, o Ministro das Finan\u00e7as destacou que o relat\u00f3rio surge num momento crucial para \u00c1frica e Cabo Verde, marcado pela recupera\u00e7\u00e3o econ\u00f3mica p\u00f3s-Covid-19 e por desafios m\u00faltiplos que afetam profundamente o continente.<\/p>\n<p>\u201cEnfrentamos uma crise clim\u00e1tica com efeitos devastadores, um contexto geopol\u00edtico global desfavor\u00e1vel, elevados n\u00edveis de pobreza e a urg\u00eancia de reter os jovens no continente. Somam-se dificuldades no financiamento das economias e na gest\u00e3o da d\u00edvida p\u00fablica, num cen\u00e1rio global fragmentado que impacta o com\u00e9rcio africano\u201d, afirmou.<\/p>\n<p>Apesar do contexto adverso, Olavo Correia salientou os progressos alcan\u00e7ados por Cabo Verde. \u201cEm 2024, registou-se um crescimento acima dos 7%, como destaca o relat\u00f3rio. O Governo tem implementado reformas estruturais, assegurado estabilidade macroecon\u00f3mica, com infla\u00e7\u00e3o controlada, d\u00e9fice or\u00e7amental abaixo dos 3%, d\u00edvida em queda e reservas internacionais robustas.\u201d<\/p>\n<p>O Vice-Primeiro-Ministro alertou, no entanto, que os riscos macroecon\u00f3micos, macrofiscais e clim\u00e1ticos continuam presentes. Por isso, defendeu a continuidade da trajet\u00f3ria de reformas, centrada na mobiliza\u00e7\u00e3o e utiliza\u00e7\u00e3o eficiente do capital, como sublinha o relat\u00f3rio.<\/p>\n<p>\u201c\u00c9 necess\u00e1rio, portanto, investir melhor, reformar mais r\u00e1pido e com melhores resultados, e governar com mais efic\u00e1cia, focando sempre nos resultados a entregar aos cidad\u00e3os, \u00e0s ilhas e aos munic\u00edpios\u201d, concluiu Olavo Correia, agradecendo ao BAD pelo compromisso cont\u00ednuo com o desenvolvimento sustent\u00e1vel de \u00c1frica e de Cabo Verde.<\/p>\n<p>O lan\u00e7amento do <em>Country Focus Report 2025 \u2013 Cabo Verde<\/em> decorreu em simult\u00e2neo com a apresenta\u00e7\u00e3o do relat\u00f3rio <em>Perspetivas Econ\u00f3micas em \u00c1frica 2025 \u2013 Country Focus Report (CFR)<\/em>, sob o tema <strong>\u201cAproveitar o Capital Africano para Impulsionar o seu Desenvolvimento\u201d<\/strong>.<\/p>\n<p>The <em>Country Focus Reports<\/em> (CFRs), produzidos anualmente pelo Departamento de Economia do Pa\u00eds (ECCE), em apoio ao <em>Panorama Econ\u00f3mico Africano<\/em> (AEO), oferecem an\u00e1lises espec\u00edficas para cada um dos 54 Pa\u00edses Membros Regionais (RMCs) do BAD.<\/p>\n<p>Segundo o Banco, os CFRs t\u00eam como objetivo contextualizar, a n\u00edvel nacional, as mensagens-chave do AEO, integrando prioridades locais, desafios espec\u00edficos e perspetivas pol\u00edticas. O BAD acrescenta que, em 2025, num cen\u00e1rio de resili\u00eancia p\u00f3s-crise, urg\u00eancia clim\u00e1tica e transforma\u00e7\u00e3o estrutural, o lan\u00e7amento destes relat\u00f3rios representa um marco estrat\u00e9gico para refor\u00e7ar a influ\u00eancia do BAD, envolver os decisores pol\u00edticos nacionais e aumentar a visibilidade dos seus produtos de conhecimento.<\/p>\n<p>\u00a0<\/p>\n<p>\u00a0<\/p>\n<p>The post <a rel=\"nofollow\" href=\"https:\/\/www.governo.cv\/bad-e-governo-lancam-relatorio-estrategico-com-foco-na-mobilizacao-e-utilizacao-eficiente-do-capital-para-o-desenvolvimento-de-cabo-verde\/\" target=\"_blank\">BAD e Governo lan\u00e7am Relat\u00f3rio Estrat\u00e9gico com foco na mobiliza\u00e7\u00e3o e utiliza\u00e7\u00e3o eficiente do capital para o desenvolvimento de Cabo Verde<\/a> appeared first on <a rel=\"nofollow\" href=\"https:\/\/www.governo.cv\/\" target=\"_blank\">Government of Cape Verde<\/a>.<\/p>\n<\/div>","protected":false},"excerpt":{"rendered":"<p>O Banco Africano de Desenvolvimento (BAD), em parceria com o Governo de Cabo Verde, realizou na quarta-feira, 30 de julho, um workshop de lan\u00e7amento do Country Focus Report 2025 \u2013 Cabo Verde, sob o tema \u201cAproveitar o Capital Cabo-verdiano para Impulsionar o seu Desenvolvimento\u201d. A sess\u00e3o foi presidida pelo Vice-Primeiro-Ministro e Ministro das Finan\u00e7as, Olavo [&hellip;]<\/p>\n","protected":false},"author":2,"featured_media":0,"comment_status":"closed","ping_status":"closed","sticky":false,"template":"","format":"standard","meta":{"_breakdance_hide_in_design_set":false,"_breakdance_tags":"","footnotes":""},"categories":[263],"tags":[264],"class_list":["post-3498","post","type-post","status-publish","format-standard","hentry","category-noticias","tag-noticias"],"_links":{"self":[{"href":"https:\/\/consultoria.cv\/en\/wp-json\/wp\/v2\/posts\/3498","targetHints":{"allow":["GET"]}}],"collection":[{"href":"https:\/\/consultoria.cv\/en\/wp-json\/wp\/v2\/posts"}],"about":[{"href":"https:\/\/consultoria.cv\/en\/wp-json\/wp\/v2\/types\/post"}],"author":[{"embeddable":true,"href":"https:\/\/consultoria.cv\/en\/wp-json\/wp\/v2\/users\/2"}],"replies":[{"embeddable":true,"href":"https:\/\/consultoria.cv\/en\/wp-json\/wp\/v2\/comments?post=3498"}],"version-history":[{"count":0,"href":"https:\/\/consultoria.cv\/en\/wp-json\/wp\/v2\/posts\/3498\/revisions"}],"wp:attachment":[{"href":"https:\/\/consultoria.cv\/en\/wp-json\/wp\/v2\/media?parent=3498"}],"wp:term":[{"taxonomy":"category","embeddable":true,"href":"https:\/\/consultoria.cv\/en\/wp-json\/wp\/v2\/categories?post=3498"},{"taxonomy":"post_tag","embeddable":true,"href":"https:\/\/consultoria.cv\/en\/wp-json\/wp\/v2\/tags?post=3498"}],"curies":[{"name":"wp","href":"https:\/\/api.w.org\/{rel}","templated":true}]}}