{"id":3497,"date":"2025-08-01T00:02:20","date_gmt":"2025-08-01T01:02:20","guid":{"rendered":"https:\/\/consultoria.cv\/governo-aprova-proposta-de-lei-que-aprova-o-estatuto-do-profissional-criador-e-produtor-de-arte-e-cultura-2\/"},"modified":"2025-08-01T00:02:20","modified_gmt":"2025-08-01T01:02:20","slug":"government-approves-bill-on-the-statute-for-professional-creators-and-producers-of-art-and-culture-2","status":"publish","type":"post","link":"https:\/\/consultoria.cv\/en\/governo-aprova-proposta-de-lei-que-aprova-o-estatuto-do-profissional-criador-e-produtor-de-arte-e-cultura-2\/","title":{"rendered":"Government approves Bill approving the Statute for Professional Art and Culture Creators and Producers"},"content":{"rendered":"<div>\n<p data-start=\"223\" data-end=\"654\">Speaking at the Council of Ministers meeting on 29 July 2025, the Minister of State, Family, Inclusion and Social Development, Fernando El\u00edsio Freire, assured that this proposal formalises \u201can important part of our economy\u201d, since it \u201cestablishes the regime applicable to the respective registration with the National Social Security Institute and the corresponding social protection regime, as well as the tax regime\u201d.<\/p>\n<p data-start=\"656\" data-end=\"1076\">\u201cThe law we are proposing to Parliament values art and artists and is, above all, the professional recognition of the creator and producer, because it allows access to social security, that is, registration with the National Social Security Institute and, consequently, medical assistance, medication assistance, as well as a clear, predictable and defined relationship with the tax authority,\u201d said the Minister.<\/p>\n<p data-start=\"1078\" data-end=\"1486\">The proposal also \u201censhrines the obligation for natural or legal persons to only be able to hire professionals, creators and producers of art and culture who are duly registered\u201d and \u201cincludes them\u201d in the special legal regime for micro and small businesses, \u201cwhich will promote or provide them with a favourable environment for creation, formalisation, development and competitiveness\u201d.<\/p>\n<p data-start=\"1488\" data-end=\"1694\">It establishes a special tax regime for the professional creator and producer of art and culture, which is basically through the application, in a targeted way, of the special regime for micro and small companies.<\/p>\n<p data-start=\"1696\" data-end=\"1847\">It also provides for the recognition of the professional through the artist's declaration and the artist's card, taking into account their professional development.<\/p>\n<p data-start=\"1849\" data-end=\"2260\">In the draft law, the government has materialised one of its promises, which was to encourage the import of musical equipment, devices and accessories, as well as other goods exclusively for the use and professional activity of art and culture, which are demonstrably manufactured outside national territory, namely through exemption from VAT and customs duties - said the Minister.<\/p>\n<p data-start=\"2262\" data-end=\"2725\">The government also approved the draft proposal for a Decree-Law, which approves the regime for access to the activity of technical inspection of motor vehicles and their trailers and the operation of inspection centres, as well as the regime applied to initial, periodic and extraordinary inspections, allowing for adequate coverage of the national territory, i.e. equal treatment of all citizens who have vehicles, in their relationship with inspection centres.<\/p>\n<p data-start=\"2727\" data-end=\"2998\">Also approved was a draft resolution authorising the Ministry for Promotion, Investment and Business Development to incur expenditure on financing agreements between the Employment Promotion and Training Fund and public and private training bodies.<\/p>\n<p data-start=\"3000\" data-end=\"3271\">The aim of this measure is in line with what the government has been doing since 2016, which is to generalise access to vocational training, to create a framework of action allowing young people to have access to quality training and access to the labour market.<\/p>\n<p data-start=\"3273\" data-end=\"3681\">And it is within this framework, and \u201cbearing in mind that the sector or area of information and communication technologies is a highly employable area\u201d, that the government is authorising this government department to spend on 150 training courses with various training bodies throughout the country, which will benefit 3,200 young people in the country's various municipalities. The value of this investment is 517,000 escudos.<\/p>\n<p data-start=\"3683\" data-end=\"4138\">The government also approved a motion for a resolution authorising the tenth edition of the Professional Internship Programme in the Public Administration, which will cover around 200 young people who meet the following cumulative requirements: be aged between 18 and 35, have a higher education qualification that may or may not confer a degree, and have a legally recognised professional qualification.<\/p>\n<p data-start=\"4140\" data-end=\"4290\">Also approved was the Motion for a Resolution establishing 25 July as the National Day for Professional Road Transport Drivers.<\/p>\n<p>The post <a rel=\"nofollow\" href=\"https:\/\/www.governo.cv\/governo-aprova-proposta-de-lei-que-aprova-o-estatuto-do-profissional-criador-e-produtor-de-arte-e-cultura\/\" target=\"_blank\">Government approves Bill approving the Statute for Professional Art and Culture Creators and Producers<\/a> appeared first on <a rel=\"nofollow\" href=\"https:\/\/www.governo.cv\/\" target=\"_blank\">Government of Cape Verde<\/a>.<\/p>\n<\/div>","protected":false},"excerpt":{"rendered":"<p>Em balan\u00e7o da Reuni\u00e3o do Conselho de Ministros do dia 29 de julho de 2025, o Ministro do Estado, da Fam\u00edlia, Inclus\u00e3o e Desenvolvimento Social, Fernando El\u00edsio Freire, assegurou que esta proposta formaliza \u201cuma parte importante da nossa economia\u201d, uma vez que \u201cestabelece o regime aplic\u00e1vel \u00e0 respetiva inscri\u00e7\u00e3o junto do Instituto Nacional de Previd\u00eancia [&hellip;]<\/p>\n","protected":false},"author":2,"featured_media":0,"comment_status":"closed","ping_status":"closed","sticky":false,"template":"","format":"standard","meta":{"_breakdance_hide_in_design_set":false,"_breakdance_tags":"","footnotes":""},"categories":[263],"tags":[264],"class_list":["post-3497","post","type-post","status-publish","format-standard","hentry","category-noticias","tag-noticias"],"_links":{"self":[{"href":"https:\/\/consultoria.cv\/en\/wp-json\/wp\/v2\/posts\/3497","targetHints":{"allow":["GET"]}}],"collection":[{"href":"https:\/\/consultoria.cv\/en\/wp-json\/wp\/v2\/posts"}],"about":[{"href":"https:\/\/consultoria.cv\/en\/wp-json\/wp\/v2\/types\/post"}],"author":[{"embeddable":true,"href":"https:\/\/consultoria.cv\/en\/wp-json\/wp\/v2\/users\/2"}],"replies":[{"embeddable":true,"href":"https:\/\/consultoria.cv\/en\/wp-json\/wp\/v2\/comments?post=3497"}],"version-history":[{"count":0,"href":"https:\/\/consultoria.cv\/en\/wp-json\/wp\/v2\/posts\/3497\/revisions"}],"wp:attachment":[{"href":"https:\/\/consultoria.cv\/en\/wp-json\/wp\/v2\/media?parent=3497"}],"wp:term":[{"taxonomy":"category","embeddable":true,"href":"https:\/\/consultoria.cv\/en\/wp-json\/wp\/v2\/categories?post=3497"},{"taxonomy":"post_tag","embeddable":true,"href":"https:\/\/consultoria.cv\/en\/wp-json\/wp\/v2\/tags?post=3497"}],"curies":[{"name":"wp","href":"https:\/\/api.w.org\/{rel}","templated":true}]}}