{"id":3494,"date":"2025-08-01T00:00:17","date_gmt":"2025-08-01T01:00:17","guid":{"rendered":"https:\/\/consultoria.cv\/com-a-regulamentacao-das-novas-profissoes-sujeitas-a-carteira-profissional-estamos-a-dar-um-passo-muito-importante-para-a-qualificacao-da-formacao-em-cabo-verde-ministro-eu\/"},"modified":"2025-08-01T00:00:17","modified_gmt":"2025-08-01T01:00:17","slug":"com-a-regulamentacao-das-novas-profissoes-sujeitas-a-carteira-profissional-estamos-a-dar-um-passo-muito-importante-para-a-qualificacao-da-formacao-em-cabo-verde-ministro-eu","status":"publish","type":"post","link":"https:\/\/consultoria.cv\/en\/com-a-regulamentacao-das-novas-profissoes-sujeitas-a-carteira-profissional-estamos-a-dar-um-passo-muito-importante-para-a-qualificacao-da-formacao-em-cabo-verde-ministro-eu\/","title":{"rendered":"\u201cCom a regulamenta\u00e7\u00e3o das novas profiss\u00f5es sujeitas \u00e0 carteira profissional estamos a dar um passo muito importante para a qualifica\u00e7\u00e3o da forma\u00e7\u00e3o em Cabo Verde\u201d \u2013 Ministro Eurico Monteiro"},"content":{"rendered":"<div>\n<p>O Ministro da Promo\u00e7\u00e3o de Investimentos e Fomento Empresarial assegurou, esta ter\u00e7a-feira, 29 de julho, durante o atelier de socializa\u00e7\u00e3o da regulamenta\u00e7\u00e3o das novas profiss\u00f5es sujeitas \u00e0 Carteira Profissional, promovido pela da Dire\u00e7\u00e3o-Geral do Emprego, que, com o alargamento do \u00e2mbito de aplica\u00e7\u00e3o da Carteira Profissional a outras \u00e1reas profissionais, o Governo de Cabo Verde est\u00e1 a dar um passo muito importante para a qualifica\u00e7\u00e3o da forma\u00e7\u00e3o em Cabo Verde. Isso porque, explicou, com a disponibiliza\u00e7\u00e3o desta importante ferramenta, \u201ccriamos as condi\u00e7\u00f5es para que as pessoas possam se afirmar pessoalmente e realizar-se profissionalmente, seja por via do emprego por conta do outrem, seja por via do autoemprego, com recurso ao empreendedorismo\u201d.<\/p>\n<p>Para tal, \u201ctemos um ecossistema preparado para dar suporte em todas as etapas desse processo\u201d, garantiu o Ministro, para quem \u201cnunca houve em Cabo Verde tanta forma\u00e7\u00e3o profissional quanto no per\u00edodo em que estamos a viver\u201d. \u201cEstamos a falar de mais de 54 mil formandos nestes \u00faltimos oito anos, al\u00e9m de milhares de est\u00e1gios profissionais e uma oferta formativa muito variada\u201d, informou o governante, destacando os significativos avan\u00e7os alcan\u00e7ados no setor da forma\u00e7\u00e3o profissional, nos \u00faltimos anos.<\/p>\n<p>No que concerne \u00e0 Carteira Profissional, que, a par de algumas profiss\u00f5es da fam\u00edlia profissional de Hotelaria, Restaura\u00e7\u00e3o e Turismo (HRT) \u2013 Rececionista de Hotel, Empregado de Mesa e Bar, Guia de Turismo, Cozinheiro e Pasteleiro \u2013, passa a ser aplicada \u00e0s fam\u00edlias profissionais de <strong>i)<\/strong> Produ\u00e7\u00e3o, Transporte e Distribui\u00e7\u00e3o de Energia El\u00e9trica (PTE); <strong>ii)<\/strong> Servi\u00e7os sociais culturais e comunit\u00e1rios (SCC); <strong>iii) <\/strong>Instala\u00e7\u00e3o e Manuten\u00e7\u00e3o (IMA); <strong>iv)<\/strong> Metalomec\u00e2nica (MET); <strong>v)<\/strong> Meio Ambiente e Seguran\u00e7a (MES); <strong>vi)<\/strong> Artes Pl\u00e1sticas e Artesanato, M\u00fasica e Artes de Representa\u00e7\u00e3o (ART); e <strong>vii)<\/strong> Com\u00e9rcio, Transporte e Log\u00edstica (COM); bem como as demais profiss\u00f5es da fam\u00edlia de HRT, o Ministro refor\u00e7ou que a regulamenta\u00e7\u00e3o se faz necess\u00e1ria para proteger os cidad\u00e3os e as empresas, garantindo aos solicitantes dos servi\u00e7os, que estes profissionais estejam de facto qualificados. \u201cQueremos dar a garantia de que quando contratamos uma pessoa para fazer um determinado servi\u00e7o, seja na \u00e1rea da instala\u00e7\u00e3o el\u00e9trica, ou qualquer outro equipamento, seja na \u00e1rea da cozinha, do turismo, seguran\u00e7a privada, ambiente, ou mesmo na \u00e1rea da metalomec\u00e2nica ou da mecatr\u00f4nica, estamos a lidar com um profissional competente, formado ou com compet\u00eancias validadas\u201d, explicou.<\/p>\n<p>Mais: \u201cEstamos perante um instrumento que nos d\u00e1 garantia da qualidade do servi\u00e7o que estamos a receber ou do trabalho que nos \u00e9 prestado, al\u00e9m de ser uma ferramenta que valoriza e qualifica o servi\u00e7o do profissional, fazendo com que este se sinta valorizado, j\u00e1 que passa a ser reconhecido pela sua compet\u00eancia\u201d, prosseguiu o Ministro, elencando as vantagens da Carteira Profissional, cujo requisito para obten\u00e7\u00e3o, em regra, passa por frequentar uma a\u00e7\u00e3o de forma\u00e7\u00e3o ou sujeitar-se a um processo de Reconhecimento e Valida\u00e7\u00e3o de Certifica\u00e7\u00e3o das Compet\u00eancias (RVCC), quando j\u00e1 se tem conhecimento na mat\u00e9ria, mas n\u00e3o se \u00e9 certificado.<\/p>\n<p>\u201cEstou convencido de que o alargamento da Carteira Profissional representar\u00e1 um ganho importante para as pessoas, para as empresas e para as pr\u00f3prias profiss\u00f5es\u201d, finalizou o Ministro, regozijando-se com o apoio consistente de importantes parceiros como as Coopera\u00e7\u00f5es Luxemburguesa e Portuguesa, e o Banco Mundial, para que tenhamos uma oferta formativa cada vez mais forte e diversificada.<\/p>\n<p>The post <a rel=\"nofollow\" href=\"https:\/\/www.governo.cv\/com-a-regulamentacao-das-novas-profissoes-sujeitas-a-carteira-profissional-estamos-a-dar-um-passo-muito-importante-para-a-qualificacao-da-formacao-em-cabo-verde-ministro-eu\/\" target=\"_blank\">\u201cCom a regulamenta\u00e7\u00e3o das novas profiss\u00f5es sujeitas \u00e0 carteira profissional estamos a dar um passo muito importante para a qualifica\u00e7\u00e3o da forma\u00e7\u00e3o em Cabo Verde\u201d \u2013 Ministro Eurico Monteiro<\/a> appeared first on <a rel=\"nofollow\" href=\"https:\/\/www.governo.cv\/\" target=\"_blank\">Government of Cape Verde<\/a>.<\/p>\n<\/div>","protected":false},"excerpt":{"rendered":"<p>O Ministro da Promo\u00e7\u00e3o de Investimentos e Fomento Empresarial assegurou, esta ter\u00e7a-feira, 29 de julho, durante o atelier de socializa\u00e7\u00e3o da regulamenta\u00e7\u00e3o das novas profiss\u00f5es sujeitas \u00e0 Carteira Profissional, promovido pela da Dire\u00e7\u00e3o-Geral do Emprego, que, com o alargamento do \u00e2mbito de aplica\u00e7\u00e3o da Carteira Profissional a outras \u00e1reas profissionais, o Governo de Cabo Verde [&hellip;]<\/p>\n","protected":false},"author":2,"featured_media":0,"comment_status":"closed","ping_status":"closed","sticky":false,"template":"","format":"standard","meta":{"_breakdance_hide_in_design_set":false,"_breakdance_tags":"","footnotes":""},"categories":[263],"tags":[264],"class_list":["post-3494","post","type-post","status-publish","format-standard","hentry","category-noticias","tag-noticias"],"_links":{"self":[{"href":"https:\/\/consultoria.cv\/en\/wp-json\/wp\/v2\/posts\/3494","targetHints":{"allow":["GET"]}}],"collection":[{"href":"https:\/\/consultoria.cv\/en\/wp-json\/wp\/v2\/posts"}],"about":[{"href":"https:\/\/consultoria.cv\/en\/wp-json\/wp\/v2\/types\/post"}],"author":[{"embeddable":true,"href":"https:\/\/consultoria.cv\/en\/wp-json\/wp\/v2\/users\/2"}],"replies":[{"embeddable":true,"href":"https:\/\/consultoria.cv\/en\/wp-json\/wp\/v2\/comments?post=3494"}],"version-history":[{"count":0,"href":"https:\/\/consultoria.cv\/en\/wp-json\/wp\/v2\/posts\/3494\/revisions"}],"wp:attachment":[{"href":"https:\/\/consultoria.cv\/en\/wp-json\/wp\/v2\/media?parent=3494"}],"wp:term":[{"taxonomy":"category","embeddable":true,"href":"https:\/\/consultoria.cv\/en\/wp-json\/wp\/v2\/categories?post=3494"},{"taxonomy":"post_tag","embeddable":true,"href":"https:\/\/consultoria.cv\/en\/wp-json\/wp\/v2\/tags?post=3494"}],"curies":[{"name":"wp","href":"https:\/\/api.w.org\/{rel}","templated":true}]}}