{"id":3473,"date":"2025-07-24T15:11:56","date_gmt":"2025-07-24T16:11:56","guid":{"rendered":"https:\/\/consultoria.cv\/?p=3473"},"modified":"2025-07-24T15:11:56","modified_gmt":"2025-07-24T16:11:56","slug":"legislacao-e-oportunidades-para-negocios-de-producao-e-venda-de-energias-renovaveis-em-cabo-verde","status":"publish","type":"post","link":"https:\/\/consultoria.cv\/en\/legislacao-e-oportunidades-para-negocios-de-producao-e-venda-de-energias-renovaveis-em-cabo-verde\/","title":{"rendered":"Legisla\u00e7\u00e3o e Oportunidades para Neg\u00f3cios de Produ\u00e7\u00e3o e Venda de Energias Renov\u00e1veis em Cabo Verde"},"content":{"rendered":"<p>A transi\u00e7\u00e3o energ\u00e9tica em Cabo Verde tem sido uma prioridade estrat\u00e9gica, com o pa\u00eds a estabelecer metas ambiciosas para a integra\u00e7\u00e3o de energias renov\u00e1veis na sua matriz energ\u00e9tica. At\u00e9 2030, o objetivo \u00e9 alcan\u00e7ar 50% de eletricidade gerada a partir de fontes renov\u00e1veis, com uma meta intermedi\u00e1ria de 30% j\u00e1 superada em 2025, conforme relatado pelo&nbsp;<a href=\"https:\/\/expressodasilhas.cv\/pais\/2024\/03\/03\/taxa-de-penetracao-de-energias-renovaveis-vai-ultrapassar-os-30-em-2025\/90230\" target=\"_blank\" rel=\"noopener noreferrer nofollow\">Island Express<\/a>. Este compromisso reflete-se em pol\u00edticas p\u00fablicas, incentivos fiscais e regulamenta\u00e7\u00f5es espec\u00edficas que promovem o investimento em energia solar, e\u00f3lica e outras fontes limpas.<\/p>\n\n\n\n<p>A legisla\u00e7\u00e3o cabo-verdiana, como a&nbsp;<a href=\"https:\/\/boe.incv.cv\/Bulletins\/View?id=84886\" target=\"_blank\" rel=\"noopener noreferrer nofollow\">Lei n.\u00ba 52\/X\/2025<\/a>, introduzida em abril de 2025, estabelece condi\u00e7\u00f5es para a produ\u00e7\u00e3o e distribui\u00e7\u00e3o de energia el\u00e9trica, incluindo mecanismos de compensa\u00e7\u00e3o financeira para os munic\u00edpios e regras para a gest\u00e3o de custos de ilumina\u00e7\u00e3o p\u00fablica. Adicionalmente, a&nbsp;<a href=\"https:\/\/www.portugalglobal.pt\/noticias\/2025\/abril\/legislacao-cabo-verde-projeto-de-energia-renovavel\/\" target=\"_blank\" rel=\"noopener noreferrer nofollow\">Resolu\u00e7\u00e3o n.\u00ba 16\/2025<\/a>&nbsp;delega compet\u00eancias \u00e0 Ag\u00eancia Nacional de \u00c1gua e Saneamento para projetos de energia renov\u00e1vel, refor\u00e7ando o quadro institucional para o desenvolvimento do setor.<\/p>\n\n\n\n<p>Cabo Verde oferece um ambiente favor\u00e1vel para empreendedores interessados na produ\u00e7\u00e3o e venda de energias renov\u00e1veis. A localiza\u00e7\u00e3o geogr\u00e1fica privilegiada do arquip\u00e9lago, com abundante exposi\u00e7\u00e3o solar e ventos constantes, cria condi\u00e7\u00f5es ideais para a explora\u00e7\u00e3o de energia solar e e\u00f3lica. Al\u00e9m disso, o governo tem promovido parcerias p\u00fablico-privadas e incentivos financeiros, como os previstos no&nbsp;<a href=\"https:\/\/www.governo.cv\/ministro-alexandre-monteiro-apresenta-orcamento-de-estado-para-2025-com-foco-na-aceleracao-da-transicao-energetica\/\" target=\"_blank\" rel=\"noopener noreferrer nofollow\">Programa Nacional para a Sustentabilidade Energ\u00e9tica (PNSE)<\/a>, para atrair investimentos e fomentar a inova\u00e7\u00e3o tecnol\u00f3gica no setor.<\/p>\n\n\n\n<p>Para abrir um neg\u00f3cio de produ\u00e7\u00e3o e venda de energias renov\u00e1veis em Cabo Verde, \u00e9 essencial compreender o enquadramento jur\u00eddico e regulamentar, bem como identificar oportunidades de mercado. Projetos como o Santiago Pumped Storage e a moderniza\u00e7\u00e3o das redes el\u00e9tricas, descritos pelo&nbsp;<a href=\"https:\/\/expressodasilhas.cv\/pais\/2024\/03\/03\/taxa-de-penetracao-de-energias-renovaveis-vai-ultrapassar-os-30-em-2025\/90230\" target=\"_blank\" rel=\"noopener noreferrer nofollow\">Island Express<\/a>, demonstram o potencial de crescimento do setor e a necessidade de solu\u00e7\u00f5es inovadoras para atender \u00e0 crescente demanda por energia limpa.<\/p>\n\n\n\n<p>Este relat\u00f3rio explora a legisla\u00e7\u00e3o aplic\u00e1vel, os incentivos dispon\u00edveis e as etapas pr\u00e1ticas para estabelecer um neg\u00f3cio sustent\u00e1vel e competitivo no setor de energias renov\u00e1veis em Cabo Verde, com foco na produ\u00e7\u00e3o e comercializa\u00e7\u00e3o de energia e\u00f3lica.<\/p>\n\n\n\n<h2 class=\"wp-block-heading\" id=\"legislaoeregulamentaoparaproduodeenergiaelicaemcaboverde\">Legisla\u00e7\u00e3o e Regulamenta\u00e7\u00e3o para Produ\u00e7\u00e3o de Energia E\u00f3lica em Cabo Verde<\/h2>\n\n\n\n<h3 class=\"wp-block-heading\" id=\"estruturajurdicaelicenciamentoparaproduoelica\">Estrutura Jur\u00eddica e Licenciamento para Produ\u00e7\u00e3o E\u00f3lica<\/h3>\n\n\n\n<p>Em Cabo Verde, a produ\u00e7\u00e3o independente de energia el\u00e9trica, incluindo a energia e\u00f3lica, \u00e9 regulamentada pelo&nbsp;<strong>Decreto-Lei n.\u00ba 1\/2011<\/strong>, com altera\u00e7\u00f5es introduzidas pelo&nbsp;<strong>Decreto-Lei n.\u00ba 54\/2018<\/strong>. Este regime estabelece as regras para o licenciamento, acesso \u00e0 rede de transporte e distribui\u00e7\u00e3o, e incentivos para projetos de energias renov\u00e1veis. A produ\u00e7\u00e3o independente \u00e9 definida como a gera\u00e7\u00e3o de energia el\u00e9trica por entidades autorizadas, com entrega \u00e0 rede el\u00e9trica nacional. (<a href=\"https:\/\/www.energiasrenovaveis.cv\/producao-independente\" target=\"_blank\" rel=\"noopener noreferrer nofollow\">Renewable Energies Cape Verde<\/a>)<\/p>\n\n\n\n<h4 class=\"wp-block-heading\" id=\"licenciamentoeacessorede\">Licenciamento e Acesso \u00e0 Rede<\/h4>\n\n\n\n<p>O processo de licenciamento exige que os produtores interessados obtenham uma autoriza\u00e7\u00e3o espec\u00edfica, que inclui:<\/p>\n\n\n\n<ul class=\"wp-block-list\">\n<li><strong>Estudo de Viabilidade T\u00e9cnica e Ambiental<\/strong>: Avalia\u00e7\u00e3o dos impactos ambientais e t\u00e9cnicos do projeto.<\/li>\n\n\n\n<li><strong>Concurso Simplificado de Atribui\u00e7\u00e3o de Capacidade<\/strong>: Realizado anualmente, permite a atribui\u00e7\u00e3o de capacidade de rece\u00e7\u00e3o na rede el\u00e9trica para os dois anos seguintes. (<a href=\"https:\/\/www.energiasrenovaveis.cv\/concursosipp\" target=\"_blank\" rel=\"noopener noreferrer nofollow\">Renewable Energies Cape Verde<\/a>)<\/li>\n\n\n\n<li><strong>Licen\u00e7a de Produ\u00e7\u00e3o e Explora\u00e7\u00e3o<\/strong>: Emitida ap\u00f3s a aprova\u00e7\u00e3o do projeto e cumprimento das normas t\u00e9cnicas.<\/li>\n<\/ul>\n\n\n\n<p>A legisla\u00e7\u00e3o tamb\u00e9m prev\u00ea a possibilidade de atribui\u00e7\u00e3o de capacidade de rece\u00e7\u00e3o mediante solicita\u00e7\u00e3o direta, desde que haja disponibilidade na rede.<\/p>\n\n\n\n<h3 class=\"wp-block-heading\" id=\"incentivosfiscaisebenefciosparaprojetoselicos\">Incentivos Fiscais e Benef\u00edcios para Projetos E\u00f3licos<\/h3>\n\n\n\n<p>O governo cabo-verdiano oferece incentivos fiscais significativos para promover o investimento em energias renov\u00e1veis, incluindo a energia e\u00f3lica. Estes incentivos est\u00e3o alinhados com os objetivos de descarboniza\u00e7\u00e3o e aumento da participa\u00e7\u00e3o de fontes renov\u00e1veis na matriz energ\u00e9tica do pa\u00eds.<\/p>\n\n\n\n<h4 class=\"wp-block-heading\" id=\"isenesereduesfiscais\">Tax Exemptions and Reductions<\/h4>\n\n\n\n<ul class=\"wp-block-list\">\n<li><strong>Isen\u00e7\u00e3o de Direitos Aduaneiros<\/strong>: Equipamentos e materiais para projetos de energia renov\u00e1vel est\u00e3o isentos de taxas alfandeg\u00e1rias.<\/li>\n\n\n\n<li><strong>Redu\u00e7\u00e3o do Imposto sobre o Rendimento das Pessoas Coletivas (IRPC)<\/strong>: Projetos de energias renov\u00e1veis podem beneficiar de redu\u00e7\u00f5es de at\u00e9 50% no IRPC durante os primeiros cinco anos de opera\u00e7\u00e3o. (<a href=\"https:\/\/consultoria.cv\/en\/tax-framework-for-cape-verdian-businesses-step-by-step\/\">Consultoria Cabo Verde<\/a>)<\/li>\n\n\n\n<li><strong>Regime Especial Unificado de Impostos<\/strong>: Aplic\u00e1vel a empresas que operam no setor das energias renov\u00e1veis, simplificando a tributa\u00e7\u00e3o e reduzindo custos administrativos.<\/li>\n<\/ul>\n\n\n\n<h4 class=\"wp-block-heading\" id=\"apoiosfinanceiroseparcerias\">Apoios Financeiros e Parcerias<\/h4>\n\n\n\n<p>Al\u00e9m dos incentivos fiscais, o governo promove parcerias p\u00fablico-privadas (PPPs) para o desenvolvimento de infraestruturas e projetos de grande escala. Estas parcerias incluem financiamento internacional e apoio t\u00e9cnico de organiza\u00e7\u00f5es como a&nbsp;<strong>ALER &#8211; Associa\u00e7\u00e3o Lus\u00f3fona de Energias Renov\u00e1veis<\/strong>. (<a href=\"https:\/\/www.aler-energia.org\/pt\/paises\/cabo-verde\/\" target=\"_blank\" rel=\"noopener noreferrer nofollow\">ALER<\/a>)<\/p>\n\n\n\n<h3 class=\"wp-block-heading\" id=\"concursospblicoseatribuiodecapacidade\">Concursos P\u00fablicos e Atribui\u00e7\u00e3o de Capacidade<\/h3>\n\n\n\n<p>A legisla\u00e7\u00e3o cabo-verdiana prev\u00ea que a capacidade de rece\u00e7\u00e3o na rede el\u00e9trica seja atribu\u00edda por meio de concursos p\u00fablicos. Estes processos s\u00e3o regulamentados pelo&nbsp;<strong>Decreto-Lei n.\u00ba 54\/2018<\/strong>&nbsp;e incluem v\u00e1rias fases, como:<\/p>\n\n\n\n<ol class=\"wp-block-list\">\n<li><strong>Publica\u00e7\u00e3o do Concurso<\/strong>: An\u00fancio das capacidades dispon\u00edveis e requisitos t\u00e9cnicos.<\/li>\n\n\n\n<li><strong>Submission of Proposals<\/strong>: Empresas interessadas apresentam os seus projetos detalhados.<\/li>\n\n\n\n<li><strong>Avalia\u00e7\u00e3o T\u00e9cnica e Financeira<\/strong>: An\u00e1lise das propostas com base em crit\u00e9rios de viabilidade t\u00e9cnica, impacto ambiental e capacidade financeira.<\/li>\n\n\n\n<li><strong>Negocia\u00e7\u00e3o e Atribui\u00e7\u00e3o<\/strong>: Sele\u00e7\u00e3o dos vencedores e assinatura dos contratos.<\/li>\n<\/ol>\n\n\n\n<p>Atualmente, est\u00e3o em andamento concursos para a instala\u00e7\u00e3o de sistemas de armazenamento de energia em v\u00e1rias ilhas, como S\u00e3o Vicente e Boavista, que complementam os projetos e\u00f3licos. (<a href=\"https:\/\/www.energiasrenovaveis.cv\/concursosipp\" target=\"_blank\" rel=\"noopener noreferrer nofollow\">Renewable Energies Cape Verde<\/a>)<\/p>\n\n\n\n<h3 class=\"wp-block-heading\" id=\"metasdedescarbonizaoepolticasgovernamentais\">Metas de Descarboniza\u00e7\u00e3o e Pol\u00edticas Governamentais<\/h3>\n\n\n\n<p>O governo de Cabo Verde estabeleceu metas ambiciosas para a transi\u00e7\u00e3o energ\u00e9tica, com o objetivo de atingir 50% de energias renov\u00e1veis na matriz el\u00e9trica at\u00e9 2030 e 100% at\u00e9 2040. A energia e\u00f3lica desempenha um papel central nesta estrat\u00e9gia, representando uma das fontes mais promissoras devido \u00e0s condi\u00e7\u00f5es clim\u00e1ticas favor\u00e1veis do arquip\u00e9lago. (<a href=\"https:\/\/www.aler-energia.org\/pt\/paises\/cabo-verde\/\" target=\"_blank\" rel=\"noopener noreferrer nofollow\">ALER<\/a>)<\/p>\n\n\n\n<h4 class=\"wp-block-heading\" id=\"projetosemdestaque\">Projetos em Destaque<\/h4>\n\n\n\n<ul class=\"wp-block-list\">\n<li><strong>Expans\u00e3o do Parque E\u00f3lico Cabe\u00f3lica<\/strong>: Este projeto, em parceria com o governo e a empresa Cabe\u00f3lica, visa duplicar a capacidade de produ\u00e7\u00e3o e\u00f3lica no pa\u00eds. (<a href=\"https:\/\/www.aler-energia.org\/pt\/paises\/cabo-verde\/\" target=\"_blank\" rel=\"noopener noreferrer nofollow\">ALER<\/a>)<\/li>\n\n\n\n<li><strong>Central de Bombagem H\u00eddrica de Santiago<\/strong>: Complementa a produ\u00e7\u00e3o e\u00f3lica ao aumentar a capacidade de armazenamento de energia, garantindo maior estabilidade na rede el\u00e9trica.<\/li>\n<\/ul>\n\n\n\n<h3 class=\"wp-block-heading\" id=\"procedimentosparaabrirumnegciodeproduoelica\">Procedimentos para Abrir um Neg\u00f3cio de Produ\u00e7\u00e3o E\u00f3lica<\/h3>\n\n\n\n<p>Empreendedores interessados em investir na produ\u00e7\u00e3o de energia e\u00f3lica em Cabo Verde devem seguir os seguintes passos:<\/p>\n\n\n\n<h4 class=\"wp-block-heading\" id=\"1escolhadaestruturajurdica\">1. Escolha da Estrutura Jur\u00eddica<\/h4>\n\n\n\n<p>A forma jur\u00eddica mais comum para empresas no setor de energias renov\u00e1veis \u00e9 a&nbsp;<strong>Private limited companies<\/strong>, que oferece flexibilidade na gest\u00e3o e limita a responsabilidade dos s\u00f3cios. (<a href=\"https:\/\/consultoria.cv\/en\/tax-framework-for-cape-verdian-businesses-step-by-step\/\">Consultoria Cabo Verde<\/a>)<\/p>\n\n\n\n<h4 class=\"wp-block-heading\" id=\"2registoelicenciamento\">2. Registo e Licenciamento<\/h4>\n\n\n\n<ul class=\"wp-block-list\">\n<li><strong>Commercial Register<\/strong>: Pode ser efetuado atrav\u00e9s do servi\u00e7o \u201cEmpresa no Dia\u201d, criado pelo\u00a0<strong>Decreto-Lei n.\u00ba 9\/2008<\/strong>, que simplifica o processo de constitui\u00e7\u00e3o de empresas.<\/li>\n\n\n\n<li><strong>Environmental Licence<\/strong>: Necess\u00e1ria para todos os projetos de energia e\u00f3lica, conforme exigido pela legisla\u00e7\u00e3o ambiental cabo-verdiana.<\/li>\n<\/ul>\n\n\n\n<h4 class=\"wp-block-heading\" id=\"3financiamentoeparcerias\">3. Financiamento e Parcerias<\/h4>\n\n\n\n<ul class=\"wp-block-list\">\n<li><strong>Fontes de Financiamento<\/strong>: Incluem bancos locais, fundos de capital de risco e plataformas de crowdfunding.<\/li>\n\n\n\n<li><strong>Strategic Partnerships<\/strong>: Colabora\u00e7\u00f5es com empresas internacionais e organiza\u00e7\u00f5es como a\u00a0<strong>C\u00e2mara de Com\u00e9rcio Luso-Alem\u00e3<\/strong>, que apoia o desenvolvimento de projetos e\u00f3licos no pa\u00eds. (<a href=\"https:\/\/www.aler-energia.org\/pt\/paises\/cabo-verde\/\" target=\"_blank\" rel=\"noopener noreferrer nofollow\">ALER<\/a>)<\/li>\n<\/ul>\n\n\n\n<h4 class=\"wp-block-heading\" id=\"4submissoaoconcursopblico\">4. Submiss\u00e3o ao Concurso P\u00fablico<\/h4>\n\n\n\n<p>Os interessados devem preparar uma proposta detalhada, incluindo estudos t\u00e9cnicos e financeiros, para participar dos concursos de atribui\u00e7\u00e3o de capacidade.<\/p>\n\n\n\n<h4 class=\"wp-block-heading\" id=\"5implementaoeoperao\">5. Implementa\u00e7\u00e3o e Opera\u00e7\u00e3o<\/h4>\n\n\n\n<p>Ap\u00f3s a aprova\u00e7\u00e3o, o projeto avan\u00e7a para a fase de implementa\u00e7\u00e3o, que inclui a instala\u00e7\u00e3o de turbinas e\u00f3licas e a integra\u00e7\u00e3o com a rede el\u00e9trica nacional.<\/p>\n\n\n\n<h3 class=\"wp-block-heading\" id=\"consideraessobresustentabilidadeeimpactoambiental\">Considera\u00e7\u00f5es sobre Sustentabilidade e Impacto Ambiental<\/h3>\n\n\n\n<p>A legisla\u00e7\u00e3o cabo-verdiana exige que todos os projetos de energia e\u00f3lica cumpram rigorosos crit\u00e9rios de sustentabilidade, incluindo:<\/p>\n\n\n\n<ul class=\"wp-block-list\">\n<li><strong>Avalia\u00e7\u00e3o de Impacto Ambiental (AIA)<\/strong>: Identifica\u00e7\u00e3o e mitiga\u00e7\u00e3o de impactos negativos no ecossistema local.<\/li>\n\n\n\n<li><strong>Monitoriza\u00e7\u00e3o Cont\u00ednua<\/strong>: Relat\u00f3rios peri\u00f3dicos sobre o desempenho ambiental e social do projeto.<\/li>\n<\/ul>\n\n\n\n<p>Estes requisitos s\u00e3o fundamentais para garantir que o crescimento do setor de energias renov\u00e1veis seja alinhado com os objetivos de desenvolvimento sustent\u00e1vel do pa\u00eds. (<a href=\"https:\/\/www.energiasrenovaveis.cv\/producao-independente\" target=\"_blank\" rel=\"noopener noreferrer nofollow\">Renewable Energies Cape Verde<\/a>)<\/p>\n\n\n\n<h2 class=\"wp-block-heading\" id=\"oportunidadesdenegcioemenergiasrenovveisemcaboverde\">Oportunidades de Neg\u00f3cio em Energias Renov\u00e1veis em Cabo Verde<\/h2>\n\n\n\n<h3 class=\"wp-block-heading\" id=\"estratgiasdeparceriaspblicoprivadaspppnosetorenergtico\">Estrat\u00e9gias de Parcerias P\u00fablico-Privadas (PPP) no Setor Energ\u00e9tico<\/h3>\n\n\n\n<p>As Parcerias P\u00fablico-Privadas (PPP) t\u00eam sido uma estrat\u00e9gia central para o desenvolvimento de projetos de energias renov\u00e1veis em Cabo Verde, permitindo a partilha de riscos e a atra\u00e7\u00e3o de capital privado. Diferentemente do conte\u00fado existente sobre incentivos fiscais e concursos p\u00fablicos, esta se\u00e7\u00e3o foca-se nas modalidades de PPP e nas oportunidades espec\u00edficas para investidores.<\/p>\n\n\n\n<ol class=\"wp-block-list\">\n<li><strong>Modelos de PPP Dispon\u00edveis<\/strong>: Cabo Verde adota modelos de concess\u00e3o e contratos de compra de energia (PPA). Um exemplo \u00e9 o contrato de 20 anos entre a Cabe\u00f3lica e a Electra, que garante a compra da energia produzida pelos parques e\u00f3licos. (<a href=\"https:\/\/cabeolica.com\/category\/press-releases\/\" target=\"_blank\" rel=\"noopener noreferrer nofollow\">Cabe\u00f3lica Press Release<\/a>)<\/li>\n\n\n\n<li><strong>\u00c1reas Priorit\u00e1rias para PPP<\/strong>:<\/li>\n<\/ol>\n\n\n\n<ul class=\"wp-block-list\">\n<li><strong>Armazenamento de Energia<\/strong>: Projetos como o de baterias em Santiago e Sal, essenciais para estabilizar a rede el\u00e9trica e armazenar excedentes, s\u00e3o ideais para PPP. (<a href=\"https:\/\/www.governo.cv\/governo-assina-com-cabeolica-contrato-a-execucao-do-projeto-de-expansao-do-parque-eolico-e-bateria-de-armazenagem-de-energia\/\" target=\"_blank\" rel=\"noopener noreferrer nofollow\">Government of Cape Verde<\/a>)<\/li>\n\n\n\n<li><strong>Infraestruturas de Rede<\/strong>: A moderniza\u00e7\u00e3o da rede el\u00e9trica, como o investimento da EDEC para reduzir perdas de 31,4% em Santiago, \u00e9 uma oportunidade para empresas privadas. (<a href=\"https:\/\/tiver.cv\/empresas-energeticas-tracam-metas-para-2025-com-foco-em-renovaveis\/\" target=\"_blank\" rel=\"noopener noreferrer nofollow\">Have<\/a>)<\/li>\n<\/ul>\n\n\n\n<ol start=\"3\" class=\"wp-block-list\">\n<li><strong>Benef\u00edcios das PPP<\/strong>: Estas parcerias oferecem garantias contratuais, acesso a financiamento internacional e incentivos fiscais, al\u00e9m de promoverem a transfer\u00eancia de tecnologia.<\/li>\n<\/ol>\n\n\n\n<h3 class=\"wp-block-heading\" id=\"desenvolvimentodeprojetosdeenergiasolareelica\">Desenvolvimento de Projetos de Energia Solar e E\u00f3lica<\/h3>\n\n\n\n<p>Embora o conte\u00fado existente mencione a energia e\u00f3lica como central para as metas de descarboniza\u00e7\u00e3o, esta se\u00e7\u00e3o explora novas oportunidades em projetos h\u00edbridos e de energia solar.<\/p>\n\n\n\n<ol class=\"wp-block-list\">\n<li><strong>Potencial Solar e E\u00f3lico<\/strong>: Cabo Verde possui um potencial t\u00e9cnico identificado de mais de 3.000 MW para energia solar e 500 MW para energia e\u00f3lica. (<a href=\"https:\/\/portugalglobal.pt\/noticias\/2025\/junho\/reforma-do-setor-eletrico-em-cabo-verde-prospecao-de-mercado\/\" target=\"_blank\" rel=\"noopener noreferrer nofollow\">Plano Diretor do Setor El\u00e9trico<\/a>)<\/li>\n\n\n\n<li><strong>Projetos H\u00edbridos<\/strong>: A integra\u00e7\u00e3o de sistemas solares e e\u00f3licos com armazenamento de energia \u00e9 uma tend\u00eancia crescente. Por exemplo, a expans\u00e3o do parque e\u00f3lico de Santiago inclui baterias que aumentam a efici\u00eancia e a estabilidade da rede. (<a href=\"https:\/\/www.aler-energia.org\/pt\/comunicacao\/noticias\/governo-de-cabo-verde-assina-contrato-com-cabeolica-para-execucao-de-projecto-que-vai-duplicar-producao-de-energia-eolica\/\" target=\"_blank\" rel=\"noopener noreferrer nofollow\">ALER<\/a>)<\/li>\n\n\n\n<li><strong>Oportunidades para Pequenos Produtores<\/strong>: O Decreto-Lei n.\u00ba 54\/2018 permite a produ\u00e7\u00e3o independente de energia, criando oportunidades para pequenas empresas desenvolverem projetos locais. (<a href=\"https:\/\/consultoria.cv\/en\/external-analysis-market-analysis-in-cape-verde-trends-and-opportunities-for-2025\/\">Renewable Energies Cape Verde<\/a>)<\/li>\n<\/ol>\n\n\n\n<h3 class=\"wp-block-heading\" id=\"tecnologiasdearmazenamentoeeficinciaenergtica\">Tecnologias de Armazenamento e Efici\u00eancia Energ\u00e9tica<\/h3>\n\n\n\n<p>Enquanto o conte\u00fado existente aborda a instala\u00e7\u00e3o de baterias, esta se\u00e7\u00e3o analisa as tecnologias emergentes e as oportunidades para empresas tecnol\u00f3gicas.<\/p>\n\n\n\n<ol class=\"wp-block-list\">\n<li><strong>Solu\u00e7\u00f5es de Armazenamento<\/strong>: As baterias de l\u00edtio e tecnologias de hidrog\u00e9nio verde s\u00e3o \u00e1reas promissoras. Cabo Verde j\u00e1 implementou baterias com capacidade de 9MW\/5MWh em Santiago e 6MW\/6MWh no Sal. (<a href=\"https:\/\/www.governo.cv\/governo-assina-com-cabeolica-contrato-a-execucao-do-projeto-de-expansao-do-parque-eolico-e-bateria-de-armazenagem-de-energia\/\" target=\"_blank\" rel=\"noopener noreferrer nofollow\">Government of Cape Verde<\/a>)<\/li>\n\n\n\n<li><strong>Efici\u00eancia Energ\u00e9tica na Distribui\u00e7\u00e3o<\/strong>: A moderniza\u00e7\u00e3o da rede el\u00e9trica, como o plano da EDEC para reduzir perdas t\u00e9cnicas e n\u00e3o t\u00e9cnicas superiores a 24%, \u00e9 uma oportunidade para empresas especializadas em solu\u00e7\u00f5es de efici\u00eancia energ\u00e9tica. (<a href=\"https:\/\/tiver.cv\/empresas-energeticas-tracam-metas-para-2025-com-foco-em-renovaveis\/\" target=\"_blank\" rel=\"noopener noreferrer nofollow\">Have<\/a>)<\/li>\n\n\n\n<li><strong>Parcerias Tecnol\u00f3gicas<\/strong>: Empresas de tecnologia podem colaborar com o governo e operadores locais para implementar sistemas inteligentes de gest\u00e3o de energia.<\/li>\n<\/ol>\n\n\n\n<h3 class=\"wp-block-heading\" id=\"financiamentoeinvestimentointernacional\">Financiamento e Investimento Internacional<\/h3>\n\n\n\n<p>Esta se\u00e7\u00e3o complementa o conte\u00fado existente sobre incentivos fiscais, focando-se em fontes de financiamento internacional e oportunidades para investidores estrangeiros.<\/p>\n\n\n\n<ol class=\"wp-block-list\">\n<li><strong>Apoio de Institui\u00e7\u00f5es Financeiras<\/strong>: O Banco Africano de Desenvolvimento (BAD) aprovou \u20ac19,6 milh\u00f5es para a expans\u00e3o da Cabe\u00f3lica, demonstrando o interesse de institui\u00e7\u00f5es internacionais em financiar projetos de energias renov\u00e1veis em Cabo Verde. (<a href=\"https:\/\/expressodasilhas.cv\/economia\/2025\/06\/16\/bad-aprova-196-milhoes-de-euros-para-eolica-em-cabo-verde\/97524\" target=\"_blank\" rel=\"noopener noreferrer nofollow\">Island Express<\/a>)<\/li>\n\n\n\n<li><strong>Fundos de Investimento Privado<\/strong>: A participa\u00e7\u00e3o de entidades como a A.P. Moller Capital no projeto da Cabe\u00f3lica destaca o papel de investidores privados no setor. (<a href=\"https:\/\/cabeolica.com\/category\/press-releases\/\" target=\"_blank\" rel=\"noopener noreferrer nofollow\">Cabe\u00f3lica Press Release<\/a>)<\/li>\n\n\n\n<li><strong>Parcerias Regionais<\/strong>: Cabo Verde pode explorar acordos com pa\u00edses vizinhos para exporta\u00e7\u00e3o de energia renov\u00e1vel, aproveitando a sua localiza\u00e7\u00e3o estrat\u00e9gica.<\/li>\n<\/ol>\n\n\n\n<h3 class=\"wp-block-heading\" id=\"capacitaoedesenvolvimentoderecursoshumanos\">Capacita\u00e7\u00e3o e Desenvolvimento de Recursos Humanos<\/h3>\n\n\n\n<p>Embora a legisla\u00e7\u00e3o e os incentivos sejam essenciais, o desenvolvimento de compet\u00eancias locais \u00e9 crucial para sustentar o crescimento do setor.<\/p>\n\n\n\n<ol class=\"wp-block-list\">\n<li><strong>Forma\u00e7\u00e3o T\u00e9cnica<\/strong>: Programas como o Cabo Verde Digital podem ser adaptados para incluir forma\u00e7\u00e3o em energias renov\u00e1veis, promovendo o desenvolvimento de compet\u00eancias locais. (<a href=\"https:\/\/consultoria.cv\/en\/oportunidades-de-negocios-em-cabo-verde-para-2025\/\">Consultoria Cabo Verde<\/a>)<\/li>\n\n\n\n<li><strong>Parcerias com Institui\u00e7\u00f5es Acad\u00e9micas<\/strong>: Universidades e centros de pesquisa podem colaborar com empresas para desenvolver solu\u00e7\u00f5es inovadoras e formar profissionais qualificados.<\/li>\n\n\n\n<li><strong>Emprego Local<\/strong>: Projetos como a expans\u00e3o do parque e\u00f3lico de Santiago criam oportunidades de emprego direto e indireto, contribuindo para o desenvolvimento econ\u00f3mico local. (<a href=\"https:\/\/www.aler-energia.org\/pt\/comunicacao\/noticias\/governo-de-cabo-verde-assina-contrato-com-cabeolica-para-execucao-de-projecto-que-vai-duplicar-producao-de-energia-eolica\/\" target=\"_blank\" rel=\"noopener noreferrer nofollow\">ALER<\/a>)<\/li>\n<\/ol>\n\n\n\n<h2 class=\"wp-block-heading\" id=\"passosprticosparaestabelecerumnegciodeproduoevendadeenergiarenovvelemcaboverde\">Passos Pr\u00e1ticos para Estabelecer um Neg\u00f3cio de Produ\u00e7\u00e3o e Venda de Energia Renov\u00e1vel em Cabo Verde<\/h2>\n\n\n\n<h3 class=\"wp-block-heading\" id=\"identificaodelocalizaoerecursosnaturais\">Identifica\u00e7\u00e3o de Localiza\u00e7\u00e3o e Recursos Naturais<\/h3>\n\n\n\n<p>A escolha do local para a instala\u00e7\u00e3o de um projeto de produ\u00e7\u00e3o de energia renov\u00e1vel \u00e9 um dos passos mais cr\u00edticos. Cabo Verde possui um elevado potencial para energia solar e e\u00f3lica devido \u00e0 sua localiza\u00e7\u00e3o geogr\u00e1fica favor\u00e1vel, com ventos constantes e alta exposi\u00e7\u00e3o solar. Para identificar a melhor localiza\u00e7\u00e3o, \u00e9 necess\u00e1rio realizar:<\/p>\n\n\n\n<ul class=\"wp-block-list\">\n<li><strong>Estudos de Potencial Energ\u00e9tico<\/strong>: Avalia\u00e7\u00e3o t\u00e9cnica das condi\u00e7\u00f5es clim\u00e1ticas e geogr\u00e1ficas, como intensidade solar e velocidade m\u00e9dia dos ventos. Estes estudos s\u00e3o essenciais para determinar a viabilidade do projeto. (<a href=\"https:\/\/www.aler-energia.org\/pt\/paises\/cabo-verde\/\" target=\"_blank\" rel=\"noopener noreferrer nofollow\">ALER<\/a>)<\/li>\n\n\n\n<li><strong>An\u00e1lise de Infraestruturas Existentes<\/strong>: Verificar a proximidade de redes el\u00e9tricas e a capacidade de conex\u00e3o \u00e0 rede nacional, conforme regulamentado pelo\u00a0<a href=\"https:\/\/www.aler-energia.org\/pt\/comunicacao\/noticias\/ultimos-desenvolvimentos-na-legislacao-em-cabo-verde\/\" target=\"_blank\" rel=\"noopener noreferrer nofollow\">Decreto-Lei n.\u00ba 54\/2018<\/a>.<\/li>\n<\/ul>\n\n\n\n<h3 class=\"wp-block-heading\" id=\"planeamentofinanceiroecaptaoderecursos\">Planeamento Financeiro e Capta\u00e7\u00e3o de Recursos<\/h3>\n\n\n\n<p>O financiamento \u00e9 um elemento crucial para o sucesso de um neg\u00f3cio de energias renov\u00e1veis. Cabo Verde oferece incentivos fiscais e oportunidades de financiamento internacional que podem ser aproveitados:<\/p>\n\n\n\n<ul class=\"wp-block-list\">\n<li><strong>Tax Incentives<\/strong>: Equipamentos e materiais para projetos de energia renov\u00e1vel est\u00e3o isentos de taxas alfandeg\u00e1rias, e h\u00e1 redu\u00e7\u00f5es no Imposto sobre o Rendimento das Pessoas Coletivas (IRPC) durante os primeiros cinco anos de opera\u00e7\u00e3o. (<a href=\"https:\/\/consultoria.cv\/en\/oportunidades-de-negocios-em-cabo-verde-para-2025\/\">Consultoria Cabo Verde<\/a>)<\/li>\n\n\n\n<li><strong>Parcerias P\u00fablico-Privadas (PPP)<\/strong>: Modelos de concess\u00e3o e contratos de compra de energia (PPA) s\u00e3o comuns em Cabo Verde. Por exemplo, o contrato de 20 anos entre a Cabe\u00f3lica e a Electra garante a compra da energia produzida. (<a href=\"https:\/\/www.aler-energia.org\/pt\/paises\/cabo-verde\/\" target=\"_blank\" rel=\"noopener noreferrer nofollow\">Cabe\u00f3lica Press Release<\/a>)<\/li>\n\n\n\n<li><strong>Financiamento Internacional<\/strong>: O Banco Africano de Desenvolvimento aprovou um financiamento de 19,6 milh\u00f5es de euros para projetos de energia e\u00f3lica e armazenamento em baterias em Cabo Verde. Este tipo de apoio pode ser explorado por novos investidores. (<a href=\"https:\/\/afdb.africa-newsroom.com\/press\/african-development-bank-approves-euro196-million-in-financing-to-scale-up-cabo-verdes-pioneer-in-wind-and-battery-storage-capacity?lang=pt\" target=\"_blank\" rel=\"noopener noreferrer nofollow\">AfDB<\/a>)<\/li>\n<\/ul>\n\n\n\n<h3 class=\"wp-block-heading\" id=\"desenvolvimentodoprojetoelicenciamento\">Desenvolvimento do Projeto e Licenciamento<\/h3>\n\n\n\n<p>O desenvolvimento de um projeto de energia renov\u00e1vel em Cabo Verde exige o cumprimento de v\u00e1rias etapas regulat\u00f3rias e t\u00e9cnicas:<\/p>\n\n\n\n<ul class=\"wp-block-list\">\n<li><strong>Elabora\u00e7\u00e3o de Estudos de Impacto Ambiental<\/strong>: Conforme exigido pela legisla\u00e7\u00e3o ambiental cabo-verdiana, \u00e9 necess\u00e1rio realizar um estudo detalhado para avaliar os impactos do projeto no meio ambiente. (<a href=\"https:\/\/www.aler-energia.org\/pt\/comunicacao\/noticias\/ultimos-desenvolvimentos-na-legislacao-em-cabo-verde\/\" target=\"_blank\" rel=\"noopener noreferrer nofollow\">ALER<\/a>)<\/li>\n\n\n\n<li><strong>Licenciamento e Acesso \u00e0 Rede<\/strong>: O processo de licenciamento inclui a obten\u00e7\u00e3o de uma licen\u00e7a de produ\u00e7\u00e3o e explora\u00e7\u00e3o, bem como a participa\u00e7\u00e3o em concursos simplificados para atribui\u00e7\u00e3o de capacidade de rece\u00e7\u00e3o na rede el\u00e9trica. (<a href=\"https:\/\/www.aler-energia.org\/pt\/comunicacao\/noticias\/ultimos-desenvolvimentos-na-legislacao-em-cabo-verde\/\" target=\"_blank\" rel=\"noopener noreferrer nofollow\">Plano Diretor do Setor El\u00e9trico<\/a>)<\/li>\n\n\n\n<li><strong>C\u00f3digo de Rede El\u00e9trica<\/strong>: O Decreto-Lei n.\u00ba 31\/2019 regula a opera\u00e7\u00e3o est\u00e1vel e segura do sistema el\u00e9trico nacional, permitindo maior integra\u00e7\u00e3o de fontes renov\u00e1veis. (<a href=\"https:\/\/www.aler-energia.org\/pt\/comunicacao\/noticias\/ultimos-desenvolvimentos-na-legislacao-em-cabo-verde\/\" target=\"_blank\" rel=\"noopener noreferrer nofollow\">ALER<\/a>)<\/li>\n<\/ul>\n\n\n\n<h3 class=\"wp-block-heading\" id=\"implementaodetecnologiaseinfraestruturas\">Implementa\u00e7\u00e3o de Tecnologias e Infraestruturas<\/h3>\n\n\n\n<p>A escolha das tecnologias adequadas e a constru\u00e7\u00e3o de infraestruturas s\u00e3o etapas fundamentais para a implementa\u00e7\u00e3o do projeto:<\/p>\n\n\n\n<ul class=\"wp-block-list\">\n<li><strong>Tecnologias de Armazenamento<\/strong>: A integra\u00e7\u00e3o de sistemas de baterias, como os implementados em Santiago e Sal, \u00e9 essencial para estabilizar a rede el\u00e9trica e armazenar excedentes de energia. (<a href=\"https:\/\/afdb.africa-newsroom.com\/press\/african-development-bank-approves-euro196-million-in-financing-to-scale-up-cabo-verdes-pioneer-in-wind-and-battery-storage-capacity?lang=pt\" target=\"_blank\" rel=\"noopener noreferrer nofollow\">Government of Cape Verde<\/a>)<\/li>\n\n\n\n<li><strong>Parques Solares e E\u00f3licos<\/strong>: A constru\u00e7\u00e3o de parques solares e e\u00f3licos deve seguir as especifica\u00e7\u00f5es t\u00e9cnicas e de seguran\u00e7a estabelecidas no C\u00f3digo de Rede El\u00e9trica. (<a href=\"https:\/\/www.aler-energia.org\/pt\/comunicacao\/noticias\/ultimos-desenvolvimentos-na-legislacao-em-cabo-verde\/\" target=\"_blank\" rel=\"noopener noreferrer nofollow\">ALER<\/a>)<\/li>\n\n\n\n<li><strong>Efici\u00eancia Energ\u00e9tica<\/strong>: Projetos que promovem a efici\u00eancia energ\u00e9tica, como a moderniza\u00e7\u00e3o da rede el\u00e9trica, s\u00e3o altamente incentivados. (<a href=\"https:\/\/portugalglobal.pt\/noticias\/2025\/junho\/reforma-do-setor-eletrico-em-cabo-verde-prospecao-de-mercado\/\" target=\"_blank\" rel=\"noopener noreferrer nofollow\">Have<\/a>)<\/li>\n<\/ul>\n\n\n\n<h3 class=\"wp-block-heading\" id=\"comercializaoeexpansodonegcio\">Comercializa\u00e7\u00e3o e Expans\u00e3o do Neg\u00f3cio<\/h3>\n\n\n\n<p>Ap\u00f3s a implementa\u00e7\u00e3o do projeto, \u00e9 necess\u00e1rio estabelecer estrat\u00e9gias para a comercializa\u00e7\u00e3o da energia produzida e expandir o neg\u00f3cio:<\/p>\n\n\n\n<ul class=\"wp-block-list\">\n<li><strong>Contratos de Compra de Energia (PPA)<\/strong>: Firmar contratos de longo prazo com a Electra S.A. ou outros compradores pode garantir a viabilidade financeira do projeto. (<a href=\"https:\/\/afdb.africa-newsroom.com\/press\/african-development-bank-approves-euro196-million-in-financing-to-scale-up-cabo-verdes-pioneer-in-wind-and-battery-storage-capacity?lang=pt\" target=\"_blank\" rel=\"noopener noreferrer nofollow\">AfDB<\/a>)<\/li>\n\n\n\n<li><strong>Exporta\u00e7\u00e3o de Energia Renov\u00e1vel<\/strong>: Cabo Verde possui potencial para se tornar um exportador de energia renov\u00e1vel para a regi\u00e3o, criando novas oportunidades de receita. (<a href=\"https:\/\/consultoria.cv\/en\/oportunidades-de-negocios-em-cabo-verde-para-2025\/\">Consultoria Cabo Verde<\/a>)<\/li>\n\n\n\n<li><strong>Iniciativas de Sustentabilidade<\/strong>: A promo\u00e7\u00e3o de pr\u00e1ticas sustent\u00e1veis, como o uso de energia limpa no turismo, pode fortalecer a imagem da empresa e atrair novos investidores. (<a href=\"https:\/\/www.aler-energia.org\/pt\/paises\/cabo-verde\/\" target=\"_blank\" rel=\"noopener noreferrer nofollow\">ALER<\/a>)<\/li>\n<\/ul>\n\n\n\n<p>Este relat\u00f3rio oferece um guia pr\u00e1tico para empreendedores interessados em investir no setor de energias renov\u00e1veis em Cabo Verde, destacando os passos necess\u00e1rios e as oportunidades dispon\u00edveis no pa\u00eds.<\/p>\n\n\n\n<h2 class=\"wp-block-heading\" id=\"concluso\">Conclusion<\/h2>\n\n\n\n<p>A pesquisa sobre a legisla\u00e7\u00e3o e o processo de abertura de neg\u00f3cios no setor de produ\u00e7\u00e3o de energia e\u00f3lica em Cabo Verde destaca um ambiente regulat\u00f3rio favor\u00e1vel, com incentivos fiscais atrativos e metas governamentais ambiciosas para a transi\u00e7\u00e3o energ\u00e9tica. A produ\u00e7\u00e3o independente de energia \u00e9 regulamentada pelo&nbsp;<a href=\"https:\/\/www.aler-energia.org\/pt\/comunicacao\/noticias\/ultimos-desenvolvimentos-na-legislacao-em-cabo-verde\/\" target=\"_blank\" rel=\"noopener noreferrer nofollow\">Decreto-Lei n.\u00ba 1\/2011<\/a>&nbsp;e pelo&nbsp;<a href=\"https:\/\/www.aler-energia.org\/pt\/comunicacao\/noticias\/ultimos-desenvolvimentos-na-legislacao-em-cabo-verde\/\" target=\"_blank\" rel=\"noopener noreferrer nofollow\">Decreto-Lei n.\u00ba 54\/2018<\/a>, que estabelecem os requisitos para licenciamento, acesso \u00e0 rede el\u00e9trica e participa\u00e7\u00e3o em concursos p\u00fablicos. Al\u00e9m disso, o governo oferece isen\u00e7\u00f5es de direitos aduaneiros, redu\u00e7\u00f5es no IRPC e incentivos para parcerias p\u00fablico-privadas (PPP), criando um cen\u00e1rio prop\u00edcio para investidores nacionais e internacionais.<\/p>\n\n\n\n<p>Entre os principais passos para abrir um neg\u00f3cio no setor, destacam-se a escolha da estrutura jur\u00eddica, o registo comercial simplificado atrav\u00e9s do programa&nbsp;<a href=\"https:\/\/consultoria.cv\/en\/tax-framework-for-cape-verdian-businesses-step-by-step\/\">\u201cEmpresa no Dia\u201d<\/a>, a realiza\u00e7\u00e3o de estudos de impacto ambiental e a participa\u00e7\u00e3o em concursos p\u00fablicos para atribui\u00e7\u00e3o de capacidade na rede el\u00e9trica. A implementa\u00e7\u00e3o de tecnologias de armazenamento, como baterias de l\u00edtio, e a integra\u00e7\u00e3o de sistemas h\u00edbridos (solar e e\u00f3lico) s\u00e3o tend\u00eancias que aumentam a efici\u00eancia e a estabilidade da rede el\u00e9trica, alinhando-se \u00e0s metas de descarboniza\u00e7\u00e3o do pa\u00eds, que visam atingir 50% de energias renov\u00e1veis at\u00e9 2030 e 100% at\u00e9 2040.<\/p>\n\n\n\n<p>As oportunidades de neg\u00f3cio s\u00e3o amplas, incluindo projetos de pequena escala para produtores independentes, parcerias estrat\u00e9gicas para grandes infraestruturas e exporta\u00e7\u00e3o de energia renov\u00e1vel. No entanto, o cumprimento rigoroso das exig\u00eancias legais e ambientais, aliado \u00e0 capta\u00e7\u00e3o de financiamento internacional, ser\u00e1 essencial para garantir o sucesso dos projetos. Empreendedores interessados devem priorizar a elabora\u00e7\u00e3o de propostas t\u00e9cnicas robustas, explorar os incentivos dispon\u00edveis e estabelecer parcerias com institui\u00e7\u00f5es locais e internacionais, como a&nbsp;<a href=\"https:\/\/www.aler-energia.org\/pt\/paises\/cabo-verde\/\" target=\"_blank\" rel=\"noopener noreferrer nofollow\">ALER<\/a>, para maximizar o impacto e a viabilidade dos seus investimentos.<\/p>","protected":false},"excerpt":{"rendered":"<p>A transi\u00e7\u00e3o energ\u00e9tica em Cabo Verde tem sido uma prioridade estrat\u00e9gica, com o pa\u00eds a estabelecer metas ambiciosas para a integra\u00e7\u00e3o de energias renov\u00e1veis na sua matriz energ\u00e9tica. At\u00e9 2030, o objetivo \u00e9 alcan\u00e7ar 50% de eletricidade gerada a partir de fontes renov\u00e1veis, com uma meta intermedi\u00e1ria de 30% j\u00e1 superada em 2025, conforme relatado [&hellip;]<\/p>\n","protected":false},"author":2,"featured_media":3475,"comment_status":"closed","ping_status":"open","sticky":false,"template":"","format":"standard","meta":{"_breakdance_hide_in_design_set":false,"_breakdance_tags":"","footnotes":""},"categories":[1,171,177,193],"tags":[],"class_list":["post-3473","post","type-post","status-publish","format-standard","has-post-thumbnail","hentry","category-blog","category-consultoria-empresarial","category-empreendedorismo","category-modelos-de-negocio"],"_links":{"self":[{"href":"https:\/\/consultoria.cv\/en\/wp-json\/wp\/v2\/posts\/3473","targetHints":{"allow":["GET"]}}],"collection":[{"href":"https:\/\/consultoria.cv\/en\/wp-json\/wp\/v2\/posts"}],"about":[{"href":"https:\/\/consultoria.cv\/en\/wp-json\/wp\/v2\/types\/post"}],"author":[{"embeddable":true,"href":"https:\/\/consultoria.cv\/en\/wp-json\/wp\/v2\/users\/2"}],"replies":[{"embeddable":true,"href":"https:\/\/consultoria.cv\/en\/wp-json\/wp\/v2\/comments?post=3473"}],"version-history":[{"count":1,"href":"https:\/\/consultoria.cv\/en\/wp-json\/wp\/v2\/posts\/3473\/revisions"}],"predecessor-version":[{"id":3476,"href":"https:\/\/consultoria.cv\/en\/wp-json\/wp\/v2\/posts\/3473\/revisions\/3476"}],"wp:featuredmedia":[{"embeddable":true,"href":"https:\/\/consultoria.cv\/en\/wp-json\/wp\/v2\/media\/3475"}],"wp:attachment":[{"href":"https:\/\/consultoria.cv\/en\/wp-json\/wp\/v2\/media?parent=3473"}],"wp:term":[{"taxonomy":"category","embeddable":true,"href":"https:\/\/consultoria.cv\/en\/wp-json\/wp\/v2\/categories?post=3473"},{"taxonomy":"post_tag","embeddable":true,"href":"https:\/\/consultoria.cv\/en\/wp-json\/wp\/v2\/tags?post=3473"}],"curies":[{"name":"wp","href":"https:\/\/api.w.org\/{rel}","templated":true}]}}