{"id":3453,"date":"2025-07-01T00:13:50","date_gmt":"2025-07-01T01:13:50","guid":{"rendered":"https:\/\/consultoria.cv\/remodelacao-no-governo-de-cabo-verde-separa-financas-e-fomento-empresarial-e-muda-nomes-sapo\/"},"modified":"2025-07-01T00:13:50","modified_gmt":"2025-07-01T01:13:50","slug":"remodelacao-no-governo-de-cabo-verde-separa-financas-e-fomento-empresarial-e-muda-nomes-sapo","status":"publish","type":"post","link":"https:\/\/consultoria.cv\/en\/remodelacao-no-governo-de-cabo-verde-separa-financas-e-fomento-empresarial-e-muda-nomes-sapo\/","title":{"rendered":"Remodela\u00e7\u00e3o no Governo de Cabo Verde separa Finan\u00e7as e Fomento Empresarial e muda nomes &#8211; SAPO"},"content":{"rendered":"<div><a href=\"https:\/\/news.google.com\/rss\/articles\/CBMipwFBVV95cUxQRVhyLXpfSW5lNDBDU053dUprOTBFZTVPdFYwYlRJeGk1bkFlRGJ0cGgyamFFbnhHUWFOT2FWM1Q5TnFIUkVNOGE3VzhZNnJ2NTJKZXV0bmt2ZDRSdl9NRmh6RWF4cFNadGsySXJEV3RpX3BfTmhFQ0RfT0RwZnRSOUV4REc1a1pxRDQ2UXdZNi1MRnZkbGVzZnA0UEFoMGx6bGFNSHc4NA?oc=5\" target=\"_blank\" rel=\"noopener noreferrer nofollow\">Remodela\u00e7\u00e3o no Governo de Cabo Verde separa Finan\u00e7as e Fomento Empresarial e muda nomes<\/a>\u00a0\u00a0<font color=\"#6f6f6f\">SAPO<\/font><\/div>","protected":false},"excerpt":{"rendered":"<p>Remodela\u00e7\u00e3o no Governo de Cabo Verde separa Finan\u00e7as e Fomento Empresarial e muda nomes\u00a0\u00a0SAPO<\/p>","protected":false},"author":2,"featured_media":0,"comment_status":"closed","ping_status":"closed","sticky":false,"template":"","format":"standard","meta":{"_breakdance_hide_in_design_set":false,"_breakdance_tags":"","footnotes":""},"categories":[263],"tags":[264],"class_list":["post-3453","post","type-post","status-publish","format-standard","hentry","category-noticias","tag-noticias"],"_links":{"self":[{"href":"https:\/\/consultoria.cv\/en\/wp-json\/wp\/v2\/posts\/3453","targetHints":{"allow":["GET"]}}],"collection":[{"href":"https:\/\/consultoria.cv\/en\/wp-json\/wp\/v2\/posts"}],"about":[{"href":"https:\/\/consultoria.cv\/en\/wp-json\/wp\/v2\/types\/post"}],"author":[{"embeddable":true,"href":"https:\/\/consultoria.cv\/en\/wp-json\/wp\/v2\/users\/2"}],"replies":[{"embeddable":true,"href":"https:\/\/consultoria.cv\/en\/wp-json\/wp\/v2\/comments?post=3453"}],"version-history":[{"count":0,"href":"https:\/\/consultoria.cv\/en\/wp-json\/wp\/v2\/posts\/3453\/revisions"}],"wp:attachment":[{"href":"https:\/\/consultoria.cv\/en\/wp-json\/wp\/v2\/media?parent=3453"}],"wp:term":[{"taxonomy":"category","embeddable":true,"href":"https:\/\/consultoria.cv\/en\/wp-json\/wp\/v2\/categories?post=3453"},{"taxonomy":"post_tag","embeddable":true,"href":"https:\/\/consultoria.cv\/en\/wp-json\/wp\/v2\/tags?post=3453"}],"curies":[{"name":"wp","href":"https:\/\/api.w.org\/{rel}","templated":true}]}}