{"id":3388,"date":"2025-06-01T00:09:18","date_gmt":"2025-06-01T01:09:18","guid":{"rendered":"https:\/\/consultoria.cv\/fernando-elisio-freire-destaca-papel-das-mulheres-no-desenvolvimento-de-cabo-verde-no-primeiro-forum-internacional-da-mulher\/"},"modified":"2025-06-01T00:09:18","modified_gmt":"2025-06-01T01:09:18","slug":"fernando-elisio-freire-destaca-papel-das-mulheres-no-desenvolvimento-de-cabo-verde-no-primeiro-forum-internacional-da-mulher","status":"publish","type":"post","link":"https:\/\/consultoria.cv\/en\/fernando-elisio-freire-destaca-papel-das-mulheres-no-desenvolvimento-de-cabo-verde-no-primeiro-forum-internacional-da-mulher\/","title":{"rendered":"Fernando El\u00edsio Freire highlights the role of women in Cape Verde's development at the First International Women's Forum"},"content":{"rendered":"<div>\n<p>O Ministro da Fam\u00edlia, Inclus\u00e3o e Desenvolvimento Social, Fernando El\u00edsio Freire, participou esta manh\u00e3 na abertura do Primeiro F\u00f3rum Internacional da Mulher e os Desafios do Desenvolvimento, realizado sob o lema \u201cMAIS Participa\u00e7\u00e3o, MELHOR Futuro\u201d. O evento re\u00fane mulheres cabo-verdianas, da di\u00e1spora e de v\u00e1rias nacionalidades, com o intuito de promover um espa\u00e7o inclusivo de reflex\u00e3o, colabora\u00e7\u00e3o e a\u00e7\u00e3o em torno do papel da mulher no progresso social, pol\u00edtico, econ\u00f3mico e cultural.<\/p>\n<p>Na sua interven\u00e7\u00e3o, o Governante saudou a iniciativa e enalteceu as promotoras do F\u00f3rum, sublinhando que este encontro \u00e9 um espa\u00e7o de reconhecimento da esperan\u00e7a, escuta e constru\u00e7\u00e3o coletiva.<\/p>\n<p>Fernando El\u00edsio Freire destacou o papel determinante das mulheres nos 50 anos de independ\u00eancia de Cabo Verde, enfatizando que estas estiveram sempre na linha da frente nas comunidades, empresas, institui\u00e7\u00f5es, pol\u00edtica e lutas sociais.<\/p>\n<p>\u201cA maior vit\u00f3ria destes cinquenta anos \u00e9 que ganh\u00e1mos o direito \u00e0 esperan\u00e7a\u201d, afirmou, acrescentando que essa esperan\u00e7a s\u00f3 se consolida com a constru\u00e7\u00e3o de um futuro mais justo e equitativo para todas as mulheres do arquip\u00e9lago.<\/p>\n<p>O Ministro reafirmou o compromisso do Governo com a promo\u00e7\u00e3o da igualdade de g\u00e9nero, atrav\u00e9s da implementa\u00e7\u00e3o do Plano Nacional para a Igualdade de G\u00e9nero, da integra\u00e7\u00e3o da perspetiva de g\u00e9nero em todas as pol\u00edticas p\u00fablicas e or\u00e7amentos, e do refor\u00e7o do enquadramento legislativo, nomeadamente com a Lei da Paridade e a Lei contra a Viol\u00eancia Baseada no G\u00e9nero.<\/p>\n<p>\u201cApesar dos avan\u00e7os alcan\u00e7ados como a melhoria dos indicadores de sa\u00fade materno-infantil, a redu\u00e7\u00e3o do analfabetismo, o acesso universal ao ensino b\u00e1sico e secund\u00e1rio, e os incentivos \u00e0 forma\u00e7\u00e3o superior e profissional, ainda, temos desafios por vencer: a disparidade salarial, a dupla carga que recai sobre as mulheres, a sub-representa\u00e7\u00e3o nos espa\u00e7os de decis\u00e3o e as m\u00faltiplas formas de exclus\u00e3o que continuam a afetar desproporcionalmente mulheres e meninas\u201d, frisou.<\/p>\n<p>Fernando El\u00edsio Freire, ainda, destacou a necessidade urgente de combater todas as formas de viol\u00eancia, com especial foco na viol\u00eancia sexual contra crian\u00e7as e adolescentes, a viol\u00eancia baseada no g\u00e9nero e pr\u00e1ticas nefastas como a mutila\u00e7\u00e3o genital. \u201cOs h\u00e1bitos, os costumes ou a cultura n\u00e3o podem ser castradores dos direitos humanos, do direito \u00e0 esperan\u00e7a, do direito de sonhar das crian\u00e7as e das mulheres\u201d, afirmou.<\/p>\n<p>Para concluir, Freire afirmou que \u00e9 tempo de colocar a igualdade de g\u00e9nero no centro das pol\u00edticas de desenvolvimento, reiterando que \u201cmais participa\u00e7\u00e3o significa mais progresso, mais democracia e mais justi\u00e7a\u201d.<\/p>\n<p>The post <a rel=\"nofollow\" href=\"https:\/\/www.governo.cv\/fernando-elisio-freire-destaca-papel-das-mulheres-no-desenvolvimento-de-cabo-verde-no-primeiro-forum-internacional-da-mulher\/\" target=\"_blank\">Fernando El\u00edsio Freire highlights the role of women in Cape Verde's development at the First International Women's Forum<\/a> appeared first on <a rel=\"nofollow\" href=\"https:\/\/www.governo.cv\/\" target=\"_blank\">Government of Cape Verde<\/a>.<\/p>\n<\/div>","protected":false},"excerpt":{"rendered":"<p>O Ministro da Fam\u00edlia, Inclus\u00e3o e Desenvolvimento Social, Fernando El\u00edsio Freire, participou esta manh\u00e3 na abertura do Primeiro F\u00f3rum Internacional da Mulher e os Desafios do Desenvolvimento, realizado sob o lema \u201cMAIS Participa\u00e7\u00e3o, MELHOR Futuro\u201d. O evento re\u00fane mulheres cabo-verdianas, da di\u00e1spora e de v\u00e1rias nacionalidades, com o intuito de promover um espa\u00e7o inclusivo de [&hellip;]<\/p>\n","protected":false},"author":2,"featured_media":0,"comment_status":"closed","ping_status":"closed","sticky":false,"template":"","format":"standard","meta":{"_breakdance_hide_in_design_set":false,"_breakdance_tags":"","footnotes":""},"categories":[263],"tags":[264],"class_list":["post-3388","post","type-post","status-publish","format-standard","hentry","category-noticias","tag-noticias"],"_links":{"self":[{"href":"https:\/\/consultoria.cv\/en\/wp-json\/wp\/v2\/posts\/3388","targetHints":{"allow":["GET"]}}],"collection":[{"href":"https:\/\/consultoria.cv\/en\/wp-json\/wp\/v2\/posts"}],"about":[{"href":"https:\/\/consultoria.cv\/en\/wp-json\/wp\/v2\/types\/post"}],"author":[{"embeddable":true,"href":"https:\/\/consultoria.cv\/en\/wp-json\/wp\/v2\/users\/2"}],"replies":[{"embeddable":true,"href":"https:\/\/consultoria.cv\/en\/wp-json\/wp\/v2\/comments?post=3388"}],"version-history":[{"count":0,"href":"https:\/\/consultoria.cv\/en\/wp-json\/wp\/v2\/posts\/3388\/revisions"}],"wp:attachment":[{"href":"https:\/\/consultoria.cv\/en\/wp-json\/wp\/v2\/media?parent=3388"}],"wp:term":[{"taxonomy":"category","embeddable":true,"href":"https:\/\/consultoria.cv\/en\/wp-json\/wp\/v2\/categories?post=3388"},{"taxonomy":"post_tag","embeddable":true,"href":"https:\/\/consultoria.cv\/en\/wp-json\/wp\/v2\/tags?post=3388"}],"curies":[{"name":"wp","href":"https:\/\/api.w.org\/{rel}","templated":true}]}}