{"id":3386,"date":"2025-06-01T00:03:00","date_gmt":"2025-06-01T01:03:00","guid":{"rendered":"https:\/\/consultoria.cv\/%f0%9d%90%85%f0%9d%90%9e%f0%9d%90%ab%f0%9d%90%a7%f0%9d%90%9a%f0%9d%90%a7%f0%9d%90%9d%f0%9d%90%a8-%f0%9d%90%84%f0%9d%90%a5%f0%9d%90%a2%f0%9d%90%ac%f0%9d%90%a2%f0%9d%90%a8-%f0%9d%90%85%f0%9d%90%ab\/"},"modified":"2025-06-01T00:03:00","modified_gmt":"2025-06-01T01:03:00","slug":"%f0%9d%90%85%f0%9d%90%9e%f0%9d%90%ab%f0%9d%90%a7%f0%9d%90%9a%f0%9d%90%a7%f0%9d%90%9d%f0%9d%90%a8-%f0%9d%90%84%f0%9d%90%a5%f0%9d%90%a2%f0%9d%90%ac%f0%9d%90%a2%f0%9d%90%a8-%f0%9d%90%85%f0%9d%90%ab","status":"publish","type":"post","link":"https:\/\/consultoria.cv\/en\/%f0%9d%90%85%f0%9d%90%9e%f0%9d%90%ab%f0%9d%90%a7%f0%9d%90%9a%f0%9d%90%a7%f0%9d%90%9d%f0%9d%90%a8-%f0%9d%90%84%f0%9d%90%a5%f0%9d%90%a2%f0%9d%90%ac%f0%9d%90%a2%f0%9d%90%a8-%f0%9d%90%85%f0%9d%90%ab\/","title":{"rendered":"\ud835\udc05\ud835\udc1e\ud835\udc2b\ud835\udc27\ud835\udc1a\ud835\udc27\ud835\udc1d\ud835\udc28 \ud835\udc04\ud835\udc25\ud835\udc22\u0301\ud835\udc2c\ud835\udc22\ud835\udc28 \ud835\udc05\ud835\udc2b\ud835\udc1e\ud835\udc22\ud835\udc2b\ud835\udc1e \ud835\udc29\ud835\udc2b\ud835\udc1e\ud835\udc2c\ud835\udc22\ud835\udc1d\ud835\udc1e \ud835\udc02\ud835\udc1e\ud835\udc2b\ud835\udc22\ud835\udc26\ud835\udc28\u0301\ud835\udc27\ud835\udc22\ud835\udc1a \ud835\udc1d\ud835\udc1e \ud835\udc08\ud835\udc27\ud835\udc1a\ud835\udc2e\ud835\udc20\ud835\udc2e\ud835\udc2b\ud835\udc1a\ud835\udc1c\u0327\ud835\udc1a\u0303\ud835\udc28 \ud835\udc1d\ud835\udc1a \ud835\udc2c\ud835\udc1e\ud835\udc1d\ud835\udc1e \ud835\udc1d\ud835\udc1a \ud835\udc00\ud835\udc2c\ud835\udc2c\ud835\udc28\ud835\udc1c\ud835\udc22\ud835\udc1a\ud835\udc1c\u0327\ud835\udc1a\u0303\ud835\udc28 \ud835\udc03\ud835\udc1e\ud835\udc2c\ud835\udc29\ud835\udc28\ud835\udc2b\ud835\udc2d\ud835\udc22\ud835\udc2f\ud835\udc1a \ud835\udc1d\ud835\udc28 \ud835\udc01\ud835\udc1a\ud835\udc22\ud835\udc2b\ud835\udc2b\ud835\udc28 \ud835\udc02\ud835\udc2b\ud835\udc1a\ud835\udc2f\ud835\udc1e\ud835\udc22\ud835\udc2b\ud835\udc28 \ud835\udc0b\ud835\udc28\ud835\udc29\ud835\udc1e\ud835\udc2c"},"content":{"rendered":"<div>\n<p>On Wednesday afternoon, 28 May, the Minister for the Family, Inclusion and Social Development, Fernando El\u00edsio Freire, inaugurated the new headquarters of the Craveiro Lopes Neighbourhood Sports Association, located in the neighbourhood's old health centre.<\/p>\n<p>The inauguration of this infrastructure represents an important milestone for the social and community dynamism of the Craveiro Lopes neighbourhood, creating a space dedicated to promoting sport, social inclusion and human development, especially among young people.<\/p>\n<p>The association's new headquarters will make it possible to strengthen the grassroots work carried out over the years, providing more suitable conditions for cultural and training activities and helping to strengthen community spirit and social cohesion.<\/p>\n<p>This is an investment that goes beyond the physical space and translates into a renewed commitment to youth, active citizenship and building a more inclusive future.<\/p>\n<p>The inauguration of the headquarters of the Craveiro Lopes Neighbourhood Sports Association thus symbolises a firm step towards valuing local talent, creating integral development opportunities for children and young people, and affirming sport as an essential tool for inclusion, education and social transformation.<\/p>\n<p>The post <a rel=\"nofollow\" href=\"https:\/\/www.governo.cv\/nova-sede-da-associacao-desportiva-do-bairro-craveiro-lopes\/\" target=\"_blank\">\ud835\udc05\ud835\udc1e\ud835\udc2b\ud835\udc27\ud835\udc1a\ud835\udc27\ud835\udc1d\ud835\udc28 \ud835\udc04\ud835\udc25\ud835\udc22\u0301\ud835\udc2c\ud835\udc22\ud835\udc28 \ud835\udc05\ud835\udc2b\ud835\udc1e\ud835\udc22\ud835\udc2b\ud835\udc1e \ud835\udc29\ud835\udc2b\ud835\udc1e\ud835\udc2c\ud835\udc22\ud835\udc1d\ud835\udc1e \ud835\udc02\ud835\udc1e\ud835\udc2b\ud835\udc22\ud835\udc26\ud835\udc28\u0301\ud835\udc27\ud835\udc22\ud835\udc1a \ud835\udc1d\ud835\udc1e \ud835\udc08\ud835\udc27\ud835\udc1a\ud835\udc2e\ud835\udc20\ud835\udc2e\ud835\udc2b\ud835\udc1a\ud835\udc1c\u0327\ud835\udc1a\u0303\ud835\udc28 \ud835\udc1d\ud835\udc1a \ud835\udc2c\ud835\udc1e\ud835\udc1d\ud835\udc1e \ud835\udc1d\ud835\udc1a \ud835\udc00\ud835\udc2c\ud835\udc2c\ud835\udc28\ud835\udc1c\ud835\udc22\ud835\udc1a\ud835\udc1c\u0327\ud835\udc1a\u0303\ud835\udc28 \ud835\udc03\ud835\udc1e\ud835\udc2c\ud835\udc29\ud835\udc28\ud835\udc2b\ud835\udc2d\ud835\udc22\ud835\udc2f\ud835\udc1a \ud835\udc1d\ud835\udc28 \ud835\udc01\ud835\udc1a\ud835\udc22\ud835\udc2b\ud835\udc2b\ud835\udc28 \ud835\udc02\ud835\udc2b\ud835\udc1a\ud835\udc2f\ud835\udc1e\ud835\udc22\ud835\udc2b\ud835\udc28 \ud835\udc0b\ud835\udc28\ud835\udc29\ud835\udc1e\ud835\udc2c<\/a> appeared first on <a rel=\"nofollow\" href=\"https:\/\/www.governo.cv\/\" target=\"_blank\">Government of Cape Verde<\/a>.<\/p>\n<\/div>","protected":false},"excerpt":{"rendered":"<p>O Ministro da Fam\u00edlia, Inclus\u00e3o e Desenvolvimento Social, Fernando El\u00edsio Freire, inaugurou na tarde de quarta-feira, 28 de maio, a nova sede da Associa\u00e7\u00e3o Desportiva do Bairro Craveiro Lopes, sita no antigo Posto de Sa\u00fade do Bairro. A inaugura\u00e7\u00e3o desta infraestrutura representa um marco importante para a dinamiza\u00e7\u00e3o social e comunit\u00e1ria do Bairro Craveiro Lopes, [&hellip;]<\/p>\n","protected":false},"author":2,"featured_media":0,"comment_status":"closed","ping_status":"closed","sticky":false,"template":"","format":"standard","meta":{"_breakdance_hide_in_design_set":false,"_breakdance_tags":"","footnotes":""},"categories":[263],"tags":[264],"class_list":["post-3386","post","type-post","status-publish","format-standard","hentry","category-noticias","tag-noticias"],"_links":{"self":[{"href":"https:\/\/consultoria.cv\/en\/wp-json\/wp\/v2\/posts\/3386","targetHints":{"allow":["GET"]}}],"collection":[{"href":"https:\/\/consultoria.cv\/en\/wp-json\/wp\/v2\/posts"}],"about":[{"href":"https:\/\/consultoria.cv\/en\/wp-json\/wp\/v2\/types\/post"}],"author":[{"embeddable":true,"href":"https:\/\/consultoria.cv\/en\/wp-json\/wp\/v2\/users\/2"}],"replies":[{"embeddable":true,"href":"https:\/\/consultoria.cv\/en\/wp-json\/wp\/v2\/comments?post=3386"}],"version-history":[{"count":0,"href":"https:\/\/consultoria.cv\/en\/wp-json\/wp\/v2\/posts\/3386\/revisions"}],"wp:attachment":[{"href":"https:\/\/consultoria.cv\/en\/wp-json\/wp\/v2\/media?parent=3386"}],"wp:term":[{"taxonomy":"category","embeddable":true,"href":"https:\/\/consultoria.cv\/en\/wp-json\/wp\/v2\/categories?post=3386"},{"taxonomy":"post_tag","embeddable":true,"href":"https:\/\/consultoria.cv\/en\/wp-json\/wp\/v2\/tags?post=3386"}],"curies":[{"name":"wp","href":"https:\/\/api.w.org\/{rel}","templated":true}]}}