{"id":3211,"date":"2025-05-01T00:08:10","date_gmt":"2025-05-01T01:08:10","guid":{"rendered":"https:\/\/consultoria.cv\/seguranca-e-saude-no-trabalho-um-compromisso-colectivo-para-salvar-vidas-fernando-elisio-freire\/"},"modified":"2025-05-01T00:08:10","modified_gmt":"2025-05-01T01:08:10","slug":"seguranca-e-saude-no-trabalho-um-compromisso-colectivo-para-salvar-vidas-fernando-elisio-freire","status":"publish","type":"post","link":"https:\/\/consultoria.cv\/en\/seguranca-e-saude-no-trabalho-um-compromisso-colectivo-para-salvar-vidas-fernando-elisio-freire\/","title":{"rendered":"\"Safety and health at work: a collective commitment to save lives\" - Fernando El\u00edsio Freire"},"content":{"rendered":"<div>\n<p>O Ministro da Fam\u00edlia, Inclus\u00e3o e Desenvolvimento Social, Fernando El\u00edsio Freire, que tamb\u00e9m tutela a Pasta do Trabalho, presidiu esta tarde \u00e0 cerim\u00f3nia de abertura da Confer\u00eancia do Dia Mundial da Seguran\u00e7a e Sa\u00fade no Trabalho e de Homenagem \u00e0s V\u00edtimas de Acidentes de Trabalho e Doen\u00e7as Profissionais, promovida pela Inspe\u00e7\u00e3o Geral do Trabalho, no \u00e2mbito da XII Semana Nacional de Preven\u00e7\u00e3o e Seguran\u00e7a no Trabalho.<\/p>\n<p>A iniciativa visa fomentar uma cultura de preven\u00e7\u00e3o enraizada no tecido laboral cabo-verdiano, promovendo o compromisso coletivo com um futuro mais seguro, justo e humano no trabalho.<\/p>\n<p>Na sua interven\u00e7\u00e3o, o Governante destacou o profundo respeito e sentido de responsabilidade que assume ao participar nesta iniciativa, sublinhando o seu papel fundamental na constru\u00e7\u00e3o de uma cultura de seguran\u00e7a, preven\u00e7\u00e3o e dignidade nos locais de trabalho em todo o pa\u00eds.<\/p>\n<p>\u201cHoje, mais do que nunca, temos plena consci\u00eancia de que a promo\u00e7\u00e3o de ambientes laborais seguros e saud\u00e1veis n\u00e3o \u00e9 apenas uma obriga\u00e7\u00e3o legal, mas um dever moral e social. O Dia Mundial da Seguran\u00e7a e Sa\u00fade no Trabalho serve tamb\u00e9m para refor\u00e7ar o compromisso coletivo de proteger a vida, a integridade f\u00edsica e o bem-estar dos trabalhadores\u201d, afirmou o Ministro.<\/p>\n<p>Segundo dados divulgados pelo Ministro, em 2024, Cabo Verde registou 613 acidentes de trabalho, dos quais resultaram sete v\u00edtimas mortais. A maioria dos acidentes ocorreram nas ilhas de S\u00e3o Vicente, Sal e Santiago, sendo que os casos mortais se distribu\u00edram entre S\u00e3o Vicente (quatro), Boa Vista (um) e Santiago (dois). O sector da constru\u00e7\u00e3o civil foi o mais afetado, com seis v\u00edtimas mortais, enquanto o sector portu\u00e1rio registou um caso fatal.<\/p>\n<p>\u201cEstes n\u00fameros evidenciam a necessidade urgente de refor\u00e7ar as medidas de preven\u00e7\u00e3o e seguran\u00e7a nos locais de trabalho\u201d, alertou o governante, defendendo que a seguran\u00e7a laboral deve come\u00e7ar na preven\u00e7\u00e3o, passar pela forma\u00e7\u00e3o e ser abra\u00e7ada por todos os intervenientes: empregadores, trabalhadores, sindicatos, institui\u00e7\u00f5es p\u00fablicas e sociedade civil.<\/p>\n<p>O Ministro, ainda, chamou ainda a aten\u00e7\u00e3o para outros desafios emergentes no panorama laboral, nomeadamente o impacto crescente da sa\u00fade mental nos ambientes de trabalho, pois conforme explica, o aumento de internamentos hospitalares devido a dist\u00farbios mentais e de comportamento real\u00e7a a necessidade de integrar a sa\u00fade mental nas pol\u00edticas de seguran\u00e7a e sa\u00fade no trabalho.<\/p>\n<p>Outra ressalva feita, foi o consumo de \u00e1lcool e outras subst\u00e2ncias psicoativas, bem como o ass\u00e9dio moral e sexual no local de trabalho, como fatores que comprometem seriamente a seguran\u00e7a, a sa\u00fade e o bem-estar dos trabalhadores.<\/p>\n<p>\u201cO ass\u00e9dio mina a autoestima, a sa\u00fade mental e f\u00edsica, e cria ambientes t\u00f3xicos e hostis\u201d, advertiu.<\/p>\n<p>Durante a sua interven\u00e7\u00e3o, o titular da pasta da Inclus\u00e3o e Desenvolvimento Social prestou ainda uma homenagem solene \u00e0s v\u00edtimas de acidentes de trabalho e doen\u00e7as profissionais. \u201cA mem\u00f3ria daqueles que perderam a vida, a sa\u00fade ou a capacidade laboral deve ser a for\u00e7a motriz para refor\u00e7armos pol\u00edticas, pr\u00e1ticas e atitudes que previnam novas trag\u00e9dias\u201d, sublinhou.<\/p>\n<p>\u00a0<\/p>\n<p>O Ministro terminou a sua interven\u00e7\u00e3o, real\u00e7ando a import\u00e2ncia de espa\u00e7os de di\u00e1logo e reflex\u00e3o, enquanto a\u00e7\u00f5es que contribuam para o refor\u00e7o do conhecimento sobre a tem\u00e1tica da seguran\u00e7a e sa\u00fade no trabalho, o fortalecimento das pol\u00edticas nacionais e a consciencializa\u00e7\u00e3o da popula\u00e7\u00e3o sobre a import\u00e2ncia desta causa.<\/p>\n<p>\u00a0<\/p>\n<p>The post <a rel=\"nofollow\" href=\"https:\/\/www.governo.cv\/seguranca-e-saude-no-trabalho-um-compromisso-colectivo-para-salvar-vidas-fernando-elisio-freire\/\" target=\"_blank\">\"Safety and health at work: a collective commitment to save lives\" - Fernando El\u00edsio Freire<\/a> appeared first on <a rel=\"nofollow\" href=\"https:\/\/www.governo.cv\/\" target=\"_blank\">Government of Cape Verde<\/a>.<\/p>\n<\/div>","protected":false},"excerpt":{"rendered":"<p>O Ministro da Fam\u00edlia, Inclus\u00e3o e Desenvolvimento Social, Fernando El\u00edsio Freire, que tamb\u00e9m tutela a Pasta do Trabalho, presidiu esta tarde \u00e0 cerim\u00f3nia de abertura da Confer\u00eancia do Dia Mundial da Seguran\u00e7a e Sa\u00fade no Trabalho e de Homenagem \u00e0s V\u00edtimas de Acidentes de Trabalho e Doen\u00e7as Profissionais, promovida pela Inspe\u00e7\u00e3o Geral do Trabalho, no [&hellip;]<\/p>\n","protected":false},"author":2,"featured_media":0,"comment_status":"closed","ping_status":"closed","sticky":false,"template":"","format":"standard","meta":{"_breakdance_hide_in_design_set":false,"_breakdance_tags":"","footnotes":""},"categories":[263],"tags":[264],"class_list":["post-3211","post","type-post","status-publish","format-standard","hentry","category-noticias","tag-noticias"],"_links":{"self":[{"href":"https:\/\/consultoria.cv\/en\/wp-json\/wp\/v2\/posts\/3211","targetHints":{"allow":["GET"]}}],"collection":[{"href":"https:\/\/consultoria.cv\/en\/wp-json\/wp\/v2\/posts"}],"about":[{"href":"https:\/\/consultoria.cv\/en\/wp-json\/wp\/v2\/types\/post"}],"author":[{"embeddable":true,"href":"https:\/\/consultoria.cv\/en\/wp-json\/wp\/v2\/users\/2"}],"replies":[{"embeddable":true,"href":"https:\/\/consultoria.cv\/en\/wp-json\/wp\/v2\/comments?post=3211"}],"version-history":[{"count":0,"href":"https:\/\/consultoria.cv\/en\/wp-json\/wp\/v2\/posts\/3211\/revisions"}],"wp:attachment":[{"href":"https:\/\/consultoria.cv\/en\/wp-json\/wp\/v2\/media?parent=3211"}],"wp:term":[{"taxonomy":"category","embeddable":true,"href":"https:\/\/consultoria.cv\/en\/wp-json\/wp\/v2\/categories?post=3211"},{"taxonomy":"post_tag","embeddable":true,"href":"https:\/\/consultoria.cv\/en\/wp-json\/wp\/v2\/tags?post=3211"}],"curies":[{"name":"wp","href":"https:\/\/api.w.org\/{rel}","templated":true}]}}