{"id":3063,"date":"2025-03-21T11:45:42","date_gmt":"2025-03-21T12:45:42","guid":{"rendered":"https:\/\/consultoria.cv\/economia-social-e-solidaria-fernando-elisio-freire-visita-cooperativas-na-ilha-do-fogo\/"},"modified":"2025-03-21T11:45:42","modified_gmt":"2025-03-21T12:45:42","slug":"economia-social-e-solidaria-fernando-elisio-freire-visita-cooperativas-na-ilha-do-fogo","status":"publish","type":"post","link":"https:\/\/consultoria.cv\/en\/economia-social-e-solidaria-fernando-elisio-freire-visita-cooperativas-na-ilha-do-fogo\/","title":{"rendered":"Social and Solidarity Economy: Fernando El\u00edsio Freire visits co-operatives on Fogo Island"},"content":{"rendered":"<div>\n<p>O Ministro da Fam\u00edlia, Inclus\u00e3o e Desenvolvimento Social, Fernando El\u00edsio Freire, encontra-se na Ilha do Fogo at\u00e9 o dia 21 de mar\u00e7o, acompanhado de alguns dirigentes da sua tutela, com o objetivo de refor\u00e7ar a prote\u00e7\u00e3o social e promover a inclus\u00e3o de fam\u00edlias em situa\u00e7\u00e3o de vulnerabilidade.<\/p>\n<p>No primeiro dia da visita, 19 de mar\u00e7o, o Ministro, acompanhado pela Coordenadora da Unidade da Economia Social e Solid\u00e1ria, Edzana Mascarenhas, realizou encontros e visitas a cooperativas locais para fortalecer a articula\u00e7\u00e3o com as organiza\u00e7\u00f5es do setor da Economia Social e Solid\u00e1ria (ESS).<\/p>\n<p>Entre as iniciativas visitadas, destaca-se a Unidade de Transforma\u00e7\u00e3o de Tub\u00e9rculos da Cooperativa Mulheres Sabores de Terra, em Campanas de Cima, onde mulheres empreendedoras agregam valor aos produtos locais, impulsionando a economia comunit\u00e1ria e promovendo a sustentabilidade da produ\u00e7\u00e3o.<\/p>\n<p>De seguida, o Ministro visitou a F\u00e1brica de Queijos da Cooperativa de Cutelo Capado, dedicada \u00e0 produ\u00e7\u00e3o artesanal de queijos, aproveitando recursos locais e criando oportunidades de rendimento para as fam\u00edlias envolvidas.<\/p>\n<p>Segundo o Ministro, com esta visita o Governo quer mostrar a sociedade a import\u00e2ncia que as cooperativas t\u00eam nas comunidades, sobretudo como a uni\u00e3o das pessoas no trabalho pode contribuir para melhorar as condi\u00e7\u00f5es de vida, por forma a viverem independentemente das a\u00e7\u00f5es do Estado ou de empresas.<\/p>\n<p>\u201cAs cooperativas t\u00eam a capacidade de alcan\u00e7ar onde o Estado, muitas vezes, n\u00e3o consegue chegar. Por isso, estamos aqui no terreno para informar os produtores de que o Governo vai avan\u00e7ar com o Estatuto Fiscal para as Cooperativas, garantindo um tratamento diferenciado em rela\u00e7\u00e3o \u00e0s empresas comerciais\u201d, afirmou o Ministro.<\/p>\n<p>Leia mais no link <a href=\"https:\/\/encurtador.com.br\/izCid\" target=\"_blank\" rel=\"noopener noreferrer nofollow\">https:\/\/encurtador.com.br\/izCid<\/a><\/p>\n<p>Outra informa\u00e7\u00e3o avan\u00e7ada pelo Ministro \u00e9 que o Governo vai introduzir o c\u00f3digo cooperativo, que vai organizar toda a estrutura e formaliza\u00e7\u00e3o das cooperativas em Cabo Verde, para al\u00e9m da legisla\u00e7\u00e3o que regula institui\u00e7\u00f5es privadas de solidariedade social, sendo organiza\u00e7\u00f5es de sociedade civil que exerce uma atividade produtiva, cria postos de trabalho e, consequentemente ajuda na autonomia das fam\u00edlias.<\/p>\n<p>As cooperativas e associa\u00e7\u00f5es comunit\u00e1rias desempenham um papel fundamental na dinamiza\u00e7\u00e3o da Economia Social e Solid\u00e1ria, setor essencial para o desenvolvimento sustent\u00e1vel das comunidades, promovendo inclus\u00e3o social, emprego digno e autonomia econ\u00f3mica.<\/p>\n<p>A promo\u00e7\u00e3o da Economia Social e Solid\u00e1ria \u00e9 uma prioridade do Governo de Cabo Verde, que a reconhece como um pilar essencial para um desenvolvimento inclusivo e sustent\u00e1vel.<\/p>\n<p>Com esta desloca\u00e7\u00e3o, o Governo reafirma o seu compromisso em fortalecer as pol\u00edticas sociais e garantir que os apoios cheguem de forma eficaz a quem mais precisa.<\/p>\n<p>\u00a0<\/p>\n<p>The post <a rel=\"nofollow\" href=\"https:\/\/www.governo.cv\/economia-social-e-solidaria-fernando-elisio-freire-visita-cooperativas-na-ilha-do-fogo\/\" target=\"_blank\">Social and Solidarity Economy: Fernando El\u00edsio Freire visits co-operatives on Fogo Island<\/a> appeared first on <a rel=\"nofollow\" href=\"https:\/\/www.governo.cv\/\" target=\"_blank\">Government of Cape Verde<\/a>.<\/p>\n<\/div>","protected":false},"excerpt":{"rendered":"<p>O Ministro da Fam\u00edlia, Inclus\u00e3o e Desenvolvimento Social, Fernando El\u00edsio Freire, encontra-se na Ilha do Fogo at\u00e9 o dia 21 de mar\u00e7o, acompanhado de alguns dirigentes da sua tutela, com o objetivo de refor\u00e7ar a prote\u00e7\u00e3o social e promover a inclus\u00e3o de fam\u00edlias em situa\u00e7\u00e3o de vulnerabilidade. No primeiro dia da visita, 19 de mar\u00e7o, [&hellip;]<\/p>\n","protected":false},"author":2,"featured_media":0,"comment_status":"closed","ping_status":"closed","sticky":false,"template":"","format":"standard","meta":{"_breakdance_hide_in_design_set":false,"_breakdance_tags":"","footnotes":""},"categories":[263],"tags":[264],"class_list":["post-3063","post","type-post","status-publish","format-standard","hentry","category-noticias","tag-noticias"],"_links":{"self":[{"href":"https:\/\/consultoria.cv\/en\/wp-json\/wp\/v2\/posts\/3063","targetHints":{"allow":["GET"]}}],"collection":[{"href":"https:\/\/consultoria.cv\/en\/wp-json\/wp\/v2\/posts"}],"about":[{"href":"https:\/\/consultoria.cv\/en\/wp-json\/wp\/v2\/types\/post"}],"author":[{"embeddable":true,"href":"https:\/\/consultoria.cv\/en\/wp-json\/wp\/v2\/users\/2"}],"replies":[{"embeddable":true,"href":"https:\/\/consultoria.cv\/en\/wp-json\/wp\/v2\/comments?post=3063"}],"version-history":[{"count":0,"href":"https:\/\/consultoria.cv\/en\/wp-json\/wp\/v2\/posts\/3063\/revisions"}],"wp:attachment":[{"href":"https:\/\/consultoria.cv\/en\/wp-json\/wp\/v2\/media?parent=3063"}],"wp:term":[{"taxonomy":"category","embeddable":true,"href":"https:\/\/consultoria.cv\/en\/wp-json\/wp\/v2\/categories?post=3063"},{"taxonomy":"post_tag","embeddable":true,"href":"https:\/\/consultoria.cv\/en\/wp-json\/wp\/v2\/tags?post=3063"}],"curies":[{"name":"wp","href":"https:\/\/api.w.org\/{rel}","templated":true}]}}