{"id":3062,"date":"2025-03-21T11:44:41","date_gmt":"2025-03-21T12:44:41","guid":{"rendered":"https:\/\/consultoria.cv\/a-inteligencia-artificial-traz-vantagens-em-eficiencia-inovacao-e-produtividade-mas-tambem-impoe-desafios-a-seguranca-e-aos-direitos-fundamentais-ulisses-correia-e-silva\/"},"modified":"2025-03-21T11:44:41","modified_gmt":"2025-03-21T12:44:41","slug":"artificial-intelligence-brings-advantages-in-terms-of-efficiency-innovation-and-productivity-but-also-challenges-security-and-fundamental-rights-ulisses-correia-e-silva","status":"publish","type":"post","link":"https:\/\/consultoria.cv\/en\/a-inteligencia-artificial-traz-vantagens-em-eficiencia-inovacao-e-produtividade-mas-tambem-impoe-desafios-a-seguranca-e-aos-direitos-fundamentais-ulisses-correia-e-silva\/","title":{"rendered":"\"Artificial Intelligence brings advantages in terms of efficiency, innovation and productivity, but it also poses challenges to security and fundamental rights\" - Ulisses Correia e Silva"},"content":{"rendered":"<div>\n<p>The Prime Minister said today in Praia that Artificial Intelligence (AI) \"brings advantages in terms of efficiency, innovation and productivity, but also imposes challenges to security and fundamental rights\". Ulisses Correia e Silva made these statements at the opening of the International Conference on Personal Data Protection in the Age of Artificial Intelligence, promoted by the National Data Protection Commission (CNDP), as part of the organisation's 10th anniversary celebrations.<\/p>\n<p>\"Ten years is a short time, but what has been the maturing of this important institution of the Republic shows that it was and has been a winning bet. A performance with competence, professionalism and independence,\" he said.<\/p>\n<p>\"Artificial intelligence can enter every area of a person's life and can be used for nefarious purposes at both an individual and societal level,\" which is why \"guaranteeing the protection of personal data in the age of artificial intelligence is an imperative, given the limits needed to guarantee security and respect for fundamental rights enshrined in the constitution.\"<\/p>\n<p>According to the Head of Government, \"the challenge of guaranteeing the protection of personal data and cybersecurity in the age of AI and rapid technological advances is faced today with a troubled world in geopolitical terms and the development of post-truth ideology. No country is armoured against this onslaught,\" he warned.<\/p>\n<p>\"I hope that this conference will contribute to strengthening our regulatory framework and ensuring the responsible and safe use of AI,\" concludes the Prime Minister.<\/p>\n<p>National and international experts took part in the event,<\/p>\n<p>issues such as the impact of artificial intelligence on the protection of personal data, the regulation of AI, its application in strategic sectors such as health, education and finance, and the challenges of cybersecurity were addressed. The aim of the conference was to discuss legal and technological solutions that guarantee respect for digital rights without jeopardising technological innovation.<\/p>\n<p>The post <a rel=\"nofollow\" href=\"https:\/\/www.governo.cv\/a-inteligencia-artificial-traz-vantagens-em-eficiencia-inovacao-e-produtividade-mas-tambem-impoe-desafios-a-seguranca-e-aos-direitos-fundamentais-ulisses-correia-e-silva\/\" target=\"_blank\">\"Artificial Intelligence brings advantages in terms of efficiency, innovation and productivity, but it also poses challenges to security and fundamental rights\" - Ulisses Correia e Silva<\/a> appeared first on <a rel=\"nofollow\" href=\"https:\/\/www.governo.cv\/\" target=\"_blank\">Government of Cape Verde<\/a>.<\/p>\n<\/div>","protected":false},"excerpt":{"rendered":"<p>O Primeiro Ministro disse hoje, na Praia, que a Intelig\u00eancia Artificial (IA) \u201ctraz vantagens em efici\u00eancia, inova\u00e7\u00e3o e produtividade, mas tamb\u00e9m imp\u00f5e desafios \u00e0 seguran\u00e7a e aos direitos fundamentais\u201d. Ulisses Correia e Silva fez essas declara\u00e7\u00f5es na abertura da Confer\u00eancia Internacional sobre Prote\u00e7\u00e3o de Dados Pessoais na Era da Intelig\u00eancia Artificial, promovida pela Comiss\u00e3o Nacional [&hellip;]<\/p>\n","protected":false},"author":2,"featured_media":0,"comment_status":"closed","ping_status":"closed","sticky":false,"template":"","format":"standard","meta":{"_breakdance_hide_in_design_set":false,"_breakdance_tags":"","footnotes":""},"categories":[263],"tags":[264],"class_list":["post-3062","post","type-post","status-publish","format-standard","hentry","category-noticias","tag-noticias"],"_links":{"self":[{"href":"https:\/\/consultoria.cv\/en\/wp-json\/wp\/v2\/posts\/3062","targetHints":{"allow":["GET"]}}],"collection":[{"href":"https:\/\/consultoria.cv\/en\/wp-json\/wp\/v2\/posts"}],"about":[{"href":"https:\/\/consultoria.cv\/en\/wp-json\/wp\/v2\/types\/post"}],"author":[{"embeddable":true,"href":"https:\/\/consultoria.cv\/en\/wp-json\/wp\/v2\/users\/2"}],"replies":[{"embeddable":true,"href":"https:\/\/consultoria.cv\/en\/wp-json\/wp\/v2\/comments?post=3062"}],"version-history":[{"count":0,"href":"https:\/\/consultoria.cv\/en\/wp-json\/wp\/v2\/posts\/3062\/revisions"}],"wp:attachment":[{"href":"https:\/\/consultoria.cv\/en\/wp-json\/wp\/v2\/media?parent=3062"}],"wp:term":[{"taxonomy":"category","embeddable":true,"href":"https:\/\/consultoria.cv\/en\/wp-json\/wp\/v2\/categories?post=3062"},{"taxonomy":"post_tag","embeddable":true,"href":"https:\/\/consultoria.cv\/en\/wp-json\/wp\/v2\/tags?post=3062"}],"curies":[{"name":"wp","href":"https:\/\/api.w.org\/{rel}","templated":true}]}}