{"id":2927,"date":"2025-02-01T00:02:49","date_gmt":"2025-02-01T01:02:49","guid":{"rendered":"https:\/\/consultoria.cv\/cabo-verde-airlines-anuncia-mais-tres-voos-diarios-para-ilha-do-fogo-a-partir-da-praia\/"},"modified":"2025-02-01T00:02:49","modified_gmt":"2025-02-01T01:02:49","slug":"cabo-verde-airlines-anuncia-mais-tres-voos-diarios-para-ilha-do-fogo-a-partir-da-praia","status":"publish","type":"post","link":"https:\/\/consultoria.cv\/en\/cabo-verde-airlines-anuncia-mais-tres-voos-diarios-para-ilha-do-fogo-a-partir-da-praia\/","title":{"rendered":"Cabo Verde Airlines announces three more daily flights to Fogo Island from Praia"},"content":{"rendered":"<div>\n<p>A TACV \u2013 Cabo Verde Airlines anunciou, esta quarta-feira, 29, que ampliou a sua oferta de voos para a ilha do Fogo, com dois a tr\u00eas voos di\u00e1rios, a partir da Praia. \u201cEste aumento n\u00e3o apenas facilita a mobilidade dos residentes, mas tamb\u00e9m atrai turistas \u00e1vidos por explorar a beleza natural e cultural desta joia do Atl\u00e2ntico\u201d, diz a empresa em comunicado.<\/p>\n<p>\u201cCom uma m\u00e9dia de 15 voos semanais de ida e volta entre Praia e S\u00e3o Filipe, a companhia transportou cerca de 2.500 passageiros entre dezembro de 2024 e meados de janeiro de 2025\u201d, anunciou a TACV Cabo Verde Airlines, acrescentando que \u201ceste fluxo crescente de viajantes reflete a atratividade da ilha do Fogo como destino tur\u00edstico alternativo ao sol e praia e a efic\u00e1cia de novas rotas na promo\u00e7\u00e3o da diversifica\u00e7\u00e3o do turismo e da conectividade regional\u201d.<\/p>\n<p>\u00a0<\/p>\n<p><strong>\u00a0<\/strong><\/p>\n<p>\u00a0<\/p>\n<p>The post <a rel=\"nofollow\" href=\"https:\/\/www.governo.cv\/cabo-verde-airlines-anuncia-mais-tres-voos-diarios-para-ilha-do-fogo-a-partir-da-praia\/\" target=\"_blank\">Cabo Verde Airlines announces three more daily flights to Fogo Island from Praia<\/a> appeared first on <a rel=\"nofollow\" href=\"https:\/\/www.governo.cv\/\" target=\"_blank\">Government of Cape Verde<\/a>.<\/p>\n<\/div>","protected":false},"excerpt":{"rendered":"<p>A TACV \u2013 Cabo Verde Airlines anunciou, esta quarta-feira, 29, que ampliou a sua oferta de voos para a ilha do Fogo, com dois a tr\u00eas voos di\u00e1rios, a partir da Praia. \u201cEste aumento n\u00e3o apenas facilita a mobilidade dos residentes, mas tamb\u00e9m atrai turistas \u00e1vidos por explorar a beleza natural e cultural desta joia [&hellip;]<\/p>\n","protected":false},"author":2,"featured_media":0,"comment_status":"closed","ping_status":"closed","sticky":false,"template":"","format":"standard","meta":{"_breakdance_hide_in_design_set":false,"_breakdance_tags":"","footnotes":""},"categories":[263],"tags":[264],"class_list":["post-2927","post","type-post","status-publish","format-standard","hentry","category-noticias","tag-noticias"],"_links":{"self":[{"href":"https:\/\/consultoria.cv\/en\/wp-json\/wp\/v2\/posts\/2927","targetHints":{"allow":["GET"]}}],"collection":[{"href":"https:\/\/consultoria.cv\/en\/wp-json\/wp\/v2\/posts"}],"about":[{"href":"https:\/\/consultoria.cv\/en\/wp-json\/wp\/v2\/types\/post"}],"author":[{"embeddable":true,"href":"https:\/\/consultoria.cv\/en\/wp-json\/wp\/v2\/users\/2"}],"replies":[{"embeddable":true,"href":"https:\/\/consultoria.cv\/en\/wp-json\/wp\/v2\/comments?post=2927"}],"version-history":[{"count":0,"href":"https:\/\/consultoria.cv\/en\/wp-json\/wp\/v2\/posts\/2927\/revisions"}],"wp:attachment":[{"href":"https:\/\/consultoria.cv\/en\/wp-json\/wp\/v2\/media?parent=2927"}],"wp:term":[{"taxonomy":"category","embeddable":true,"href":"https:\/\/consultoria.cv\/en\/wp-json\/wp\/v2\/categories?post=2927"},{"taxonomy":"post_tag","embeddable":true,"href":"https:\/\/consultoria.cv\/en\/wp-json\/wp\/v2\/tags?post=2927"}],"curies":[{"name":"wp","href":"https:\/\/api.w.org\/{rel}","templated":true}]}}