{"id":2756,"date":"2025-01-03T13:15:20","date_gmt":"2025-01-03T14:15:20","guid":{"rendered":"https:\/\/consultoria.cv\/primeiro-ministro-da-posse-aos-novos-orgaos-autarquicos-de-s-vicente-e-helena-fortes-e-escolhida-para-presidente-da-assembleia-municipal-2\/"},"modified":"2025-01-03T13:15:20","modified_gmt":"2025-01-03T14:15:20","slug":"primeiro-ministro-da-posse-aos-novos-orgaos-autarquicos-de-s-vicente-e-helena-fortes-e-escolhida-para-presidente-da-assembleia-municipal-2","status":"publish","type":"post","link":"https:\/\/consultoria.cv\/en\/primeiro-ministro-da-posse-aos-novos-orgaos-autarquicos-de-s-vicente-e-helena-fortes-e-escolhida-para-presidente-da-assembleia-municipal-2\/","title":{"rendered":"Prime Minister swears in S. Vicente's new municipal bodies and Helena Fortes is chosen as President of the Municipal Assembly"},"content":{"rendered":"<div>\n<p>O Primeiro Ministro e Chefe do Governo, Ulisses Correia e Silva, presidiu esta manh\u00e3 \u00e0 cerim\u00f3nia de Instala\u00e7\u00e3o dos \u00d3rg\u00e3os Municipais em S. Vicente, felicitando os empossados e todos mun\u00edcipes pelo comportamento c\u00edvico e democrata que tiveram nas elei\u00e7\u00f5es aut\u00e1rquicas, apesar do elevado n\u00edvel de absten\u00e7\u00e3o registado.<\/p>\n<p>\u201cAs elei\u00e7\u00f5es do dia 01 de dezembro n\u00e3o deram ao partido vencedor maioria absoluta.\u00a0 Por isso, o sentido de compromisso para com S. Vicente dever\u00e1 prevalecer sobre todos os outros interesses para que se possa garantir estabilidade e governabilidade do munic\u00edpio\u201d, declarou aos mindelenses, ciente de que o seu apelo \u00e9 tamb\u00e9m \u201co sentimento e as expetativas dos cidad\u00e3os de S. Vicente\u201d.<\/p>\n<p>A ocasi\u00e3o serviu tamb\u00e9m para o Chefe do Executivo garantir ao Presidente reeleito, Augusto Neves, e a todos sanvicentinos que o Governo continuar\u00e1 a trabalhar com a mesma atitude de parceria que tem demonstrado. \u201cOs resultados e os benef\u00edcios s\u00e3o para as pessoas, para as pessoas de S. Vicente, pois a finalidade \u00e9 comum: desenvolver o munic\u00edpio de forma convergente com a estrat\u00e9gia nacional de desenvolvimento para estimular e dinamizar a economia local, qualificar a m\u00e3o-de-obra, estimular a inova\u00e7\u00e3o e desenvolver as infraestruturas locais\u201d.<\/p>\n<p><strong>V\u00e1rias realiza\u00e7\u00f5es em 2025<\/strong><\/p>\n<p>Em jeito de anuncio, Ulisses Correia e Silva elencou um conjunto de obras e realiza\u00e7\u00f5es que ir\u00e3o acontecer em S. Vicente, em 2025, como por exemplo, a requalifica\u00e7\u00e3o do cal\u00e7ad\u00e3o da Avenida Marginal e asfaltagem da estrada Mindelo\/Calhau.\u00a0 \u201cSer\u00e3o conclu\u00eddas as obras de constru\u00e7\u00e3o de 236 casas sociais em Ribeira Juli\u00e3o e 66 casas em Iraque; reabilitar e modernizar o Mercado de Peixe, criando as condi\u00e7\u00f5es para que seja um ponto de desembarque de pescado com uma \u00e1rea envolvente\u201d, prometeu.<\/p>\n<p>\u201cAs obras do Terminal de Cruzeiros ser\u00e3o conclu\u00eddas, e os processos concursais para a expans\u00e3o do Porto Grande para opera\u00e7\u00f5es de transhipment, e reabilita\u00e7\u00e3o e moderniza\u00e7\u00e3o da CABNAVE v\u00e3o avan\u00e7ar, criando mais e melhores condi\u00e7\u00f5es para o sector da economia azul\u201d, avan\u00e7\u00f5es ainda o Primeiro Ministro de Cabo Verde.<\/p>\n<p>V\u00e3o ser conclu\u00eddas outras grandes obras, como o Data Center e Parque Tecnol\u00f3gico; o Parque Solar (que ir\u00e1 duplicar a capacidade de Energias Renov\u00e1veis na ilha de S. Vicente), assim como a dessalinizadora da Ribeira de Calhau, levando mais \u00e1gua para agricultura.<\/p>\n<p>Em rela\u00e7\u00e3o ao sector da sa\u00fade, Ulisses Correia e Silva garantiu que ir\u00e3o ser conclu\u00eddas as obras do Centro Ambulatorial e a Nova Maternidade e Pediatria do Hospital Baptista de Sousa, e o Centro Sa\u00fade de Monte Sossego ser\u00e1 constru\u00eddo. Vamos refor\u00e7ar o Projeto Cidade Segura com c\u00e2maras de videovigil\u00e2ncia nas outras art\u00e9rias da cidade do Mindelo.<\/p>\n<p>\u201cAuguro, pois, sucessos \u00e0s equipas empossadas, nesta ingente e nobre tarefa, reiterando a disponibilidade do Governo da Rep\u00fablica para uma s\u00e3, leal e frutuosa colabora\u00e7\u00e3o institucional, no quadro da autonomia dos Munic\u00edpios assegurada pela Constitui\u00e7\u00e3o da Rep\u00fablica, a bem da popula\u00e7\u00e3o de S\u00e3o Vicente e de todo o Cabo Verde\u201d, conclui no seu discurso que terminou ao in\u00edcio da tarde, j\u00e1 depois da elei\u00e7\u00e3o da nova Presidente da Assembleia Municipal de S. Vicente que ficou agora a cargo da candidata vencedora nas elei\u00e7\u00f5es do dia 01, pela lista do MpD, Helena Fortes.<\/p>\n<p>\u00a0<\/p>\n<p>The post <a rel=\"nofollow\" href=\"https:\/\/www.governo.cv\/primeiro-ministro-da-posse-aos-novos-orgaos-autarquicos-de-s-vicente-e-helena-fortes-e-escolhida-para-presidente-da-assembleia-municipal\/\" target=\"_blank\">Prime Minister swears in S. Vicente's new municipal bodies and Helena Fortes is chosen as President of the Municipal Assembly<\/a> appeared first on <a rel=\"nofollow\" href=\"https:\/\/www.governo.cv\/\" target=\"_blank\">Government of Cape Verde<\/a>.<\/p>\n<\/div>","protected":false},"excerpt":{"rendered":"<p>O Primeiro Ministro e Chefe do Governo, Ulisses Correia e Silva, presidiu esta manh\u00e3 \u00e0 cerim\u00f3nia de Instala\u00e7\u00e3o dos \u00d3rg\u00e3os Municipais em S. Vicente, felicitando os empossados e todos mun\u00edcipes pelo comportamento c\u00edvico e democrata que tiveram nas elei\u00e7\u00f5es aut\u00e1rquicas, apesar do elevado n\u00edvel de absten\u00e7\u00e3o registado. \u201cAs elei\u00e7\u00f5es do dia 01 de dezembro n\u00e3o [&hellip;]<\/p>\n","protected":false},"author":2,"featured_media":0,"comment_status":"closed","ping_status":"closed","sticky":false,"template":"","format":"standard","meta":{"_breakdance_hide_in_design_set":false,"_breakdance_tags":"","footnotes":""},"categories":[263],"tags":[],"class_list":["post-2756","post","type-post","status-publish","format-standard","hentry","category-noticias"],"_links":{"self":[{"href":"https:\/\/consultoria.cv\/en\/wp-json\/wp\/v2\/posts\/2756","targetHints":{"allow":["GET"]}}],"collection":[{"href":"https:\/\/consultoria.cv\/en\/wp-json\/wp\/v2\/posts"}],"about":[{"href":"https:\/\/consultoria.cv\/en\/wp-json\/wp\/v2\/types\/post"}],"author":[{"embeddable":true,"href":"https:\/\/consultoria.cv\/en\/wp-json\/wp\/v2\/users\/2"}],"replies":[{"embeddable":true,"href":"https:\/\/consultoria.cv\/en\/wp-json\/wp\/v2\/comments?post=2756"}],"version-history":[{"count":0,"href":"https:\/\/consultoria.cv\/en\/wp-json\/wp\/v2\/posts\/2756\/revisions"}],"wp:attachment":[{"href":"https:\/\/consultoria.cv\/en\/wp-json\/wp\/v2\/media?parent=2756"}],"wp:term":[{"taxonomy":"category","embeddable":true,"href":"https:\/\/consultoria.cv\/en\/wp-json\/wp\/v2\/categories?post=2756"},{"taxonomy":"post_tag","embeddable":true,"href":"https:\/\/consultoria.cv\/en\/wp-json\/wp\/v2\/tags?post=2756"}],"curies":[{"name":"wp","href":"https:\/\/api.w.org\/{rel}","templated":true}]}}