{"id":2752,"date":"2025-01-03T13:13:18","date_gmt":"2025-01-03T14:13:18","guid":{"rendered":"https:\/\/consultoria.cv\/ministra-da-saude-representa-o-governo-na-tomada-de-posse-dos-orgaos-autarquicos-de-sao-salvador-do-mundo\/"},"modified":"2025-01-03T13:13:18","modified_gmt":"2025-01-03T14:13:18","slug":"ministra-da-saude-representa-o-governo-na-tomada-de-posse-dos-orgaos-autarquicos-de-sao-salvador-do-mundo","status":"publish","type":"post","link":"https:\/\/consultoria.cv\/en\/ministra-da-saude-representa-o-governo-na-tomada-de-posse-dos-orgaos-autarquicos-de-sao-salvador-do-mundo\/","title":{"rendered":"Minister of Health represents the Government at the inauguration of the Municipal Bodies of S\u00e3o Salvador do Mundo"},"content":{"rendered":"<div>\n<p>A Ministra da Sa\u00fade, Filomena Gon\u00e7alves, em representa\u00e7\u00e3o ao Governo participou na Cerim\u00f3nia de investidura dos novos \u00f3rg\u00e3os Aut\u00e1rquicos eleitos no munic\u00edpio de S\u00e3o Salvador do Mundo, que realizou ontem, 19 de dezembro, no espa\u00e7o Shopping N\u00b4Guli Lansa.<\/p>\n<p>A governante enfatizou na sua interven\u00e7\u00e3o o compromisso do Governo com o desenvolvimento das autarquias. \u201cO Governo ir\u00e1 continuar a ser um parceiro fiel e comprometido com o desenvolvimento de S\u00e3o Salvador do Mundo, baseada na colabora\u00e7\u00e3o institucional e no respeito pela autonomia do poder local como um pilar essencial para garantir o progresso de todos os munic\u00edpios do pa\u00eds.\u201d<\/p>\n<p>A ministra garantiu, ainda, que o Executivo, no quadro das pol\u00edticas p\u00fablicas tem vindo a refor\u00e7ar a capacidade financeira e administrativa das autarquias locais como demostra\u00e7\u00e3o de consolidar um poder local robusto e eficiente.<\/p>\n<p>\u201cA recente revis\u00e3o dos Instrumentos de Gest\u00e3o financeira e as propostas de lei submetidas ao parlamento s\u00e3o exemplos do nosso empenho em criar condi\u00e7\u00f5es para que os munic\u00edpios possam desempenhar com excel\u00eancia as suas compet\u00eancias.\u201d afirmou.<\/p>\n<p>Exorou ao executivo camar\u00e1rio de S\u00e3o Salvador do Mundo a trabalhar com determina\u00e7\u00e3o e vis\u00e3o estrat\u00e9gica para promover a transforma\u00e7\u00e3o socioecon\u00f3mica do Munic\u00edpio.<\/p>\n<p>J\u00e1 o Presidente reeleito para um terceiro mandato, \u00e0 frente da C\u00e2mara Municipal, pela lista do MpD, \u00c2ngelo Vaz, sob o lema \u201cpor S\u00e3o Salvador do Mundo pelas pessoas\u201d afirmou que vai transformar Achada Igreja numa das \u201cmais belas pequenas urbes\u201d de Cabo Verde.<\/p>\n<p>\u201cEste ser\u00e1 um mandato de Achada Igreja. Para o centro hist\u00f3rico da cidade de Achada Igreja temos de uma assentada tr\u00eas grandes investimentos: requalifica\u00e7\u00e3o urbana, reabilita\u00e7\u00e3o da igreja matriz de S\u00e3o Salvador do Mundo e constru\u00e7\u00e3o do novo centro de Sa\u00fade\u201d, declarou o autarca.<\/p>\n<p>\u00c2ngelo Vaz prometeu um mandato transparente e pr\u00f3ximo dos salvadorenhos.<\/p>\n<p>The post <a rel=\"nofollow\" href=\"https:\/\/www.governo.cv\/ministra-da-saude-representa-o-governo-na-tomada-de-posse-dos-orgaos-autarquicos-de-sao-salvador-do-mundo\/\" target=\"_blank\">Minister of Health represents the Government at the inauguration of the Municipal Bodies of S\u00e3o Salvador do Mundo<\/a> appeared first on <a rel=\"nofollow\" href=\"https:\/\/www.governo.cv\/\" target=\"_blank\">Government of Cape Verde<\/a>.<\/p>\n<\/div>","protected":false},"excerpt":{"rendered":"<p>A Ministra da Sa\u00fade, Filomena Gon\u00e7alves, em representa\u00e7\u00e3o ao Governo participou na Cerim\u00f3nia de investidura dos novos \u00f3rg\u00e3os Aut\u00e1rquicos eleitos no munic\u00edpio de S\u00e3o Salvador do Mundo, que realizou ontem, 19 de dezembro, no espa\u00e7o Shopping N\u00b4Guli Lansa. A governante enfatizou na sua interven\u00e7\u00e3o o compromisso do Governo com o desenvolvimento das autarquias. \u201cO Governo [&hellip;]<\/p>\n","protected":false},"author":2,"featured_media":0,"comment_status":"closed","ping_status":"closed","sticky":false,"template":"","format":"standard","meta":{"_breakdance_hide_in_design_set":false,"_breakdance_tags":"","footnotes":""},"categories":[263],"tags":[],"class_list":["post-2752","post","type-post","status-publish","format-standard","hentry","category-noticias"],"_links":{"self":[{"href":"https:\/\/consultoria.cv\/en\/wp-json\/wp\/v2\/posts\/2752","targetHints":{"allow":["GET"]}}],"collection":[{"href":"https:\/\/consultoria.cv\/en\/wp-json\/wp\/v2\/posts"}],"about":[{"href":"https:\/\/consultoria.cv\/en\/wp-json\/wp\/v2\/types\/post"}],"author":[{"embeddable":true,"href":"https:\/\/consultoria.cv\/en\/wp-json\/wp\/v2\/users\/2"}],"replies":[{"embeddable":true,"href":"https:\/\/consultoria.cv\/en\/wp-json\/wp\/v2\/comments?post=2752"}],"version-history":[{"count":0,"href":"https:\/\/consultoria.cv\/en\/wp-json\/wp\/v2\/posts\/2752\/revisions"}],"wp:attachment":[{"href":"https:\/\/consultoria.cv\/en\/wp-json\/wp\/v2\/media?parent=2752"}],"wp:term":[{"taxonomy":"category","embeddable":true,"href":"https:\/\/consultoria.cv\/en\/wp-json\/wp\/v2\/categories?post=2752"},{"taxonomy":"post_tag","embeddable":true,"href":"https:\/\/consultoria.cv\/en\/wp-json\/wp\/v2\/tags?post=2752"}],"curies":[{"name":"wp","href":"https:\/\/api.w.org\/{rel}","templated":true}]}}